{"id":9983,"date":"2022-07-04T09:00:00","date_gmt":"2022-07-04T09:00:00","guid":{"rendered":"https:\/\/www.lodelmomentoloja.com\/?p=9983"},"modified":"2022-07-04T15:04:43","modified_gmt":"2022-07-04T15:04:43","slug":"periodista-dice-que-lider-indigena-tiene-raices-espanolas","status":"publish","type":"post","link":"https:\/\/www.lodelmomentoloja.com\/?p=9983","title":{"rendered":"Periodista dice que l\u00edder ind\u00edgena tiene ra\u00edces espa\u00f1olas"},"content":{"rendered":"<p>Tras una publicaci\u00f3n de Twitter del periodista ecuatoriano Emilio Palacios, ha desatado una gran ola de cr\u00edticas por<strong> poner en tela de duda el origen ind\u00edgena<\/strong> del L\u00edder de la CONAIE y activista social <strong>Leonidas Iza Salazar,<\/strong> esto, por mencionar que su nombre y apellido, seg\u00fan el periodista, vendr\u00edan de or\u00edgenes espa\u00f1oles.<\/p>\n<p>&#8220;Iza y Salazar son apellidos espa\u00f1oles. Ser\u00eda interesante conocer de d\u00f3nde proviene la parte ind\u00edgena de Leonidas Iza Salazar&#8221;, expresaba Emilio Palacios.<\/p>\n<p>Por otro lado, las cr\u00edticas no se han hecho esperar, incluso<strong> han catalogado al periodista de racista y otro t\u00e9rminos m\u00e1s fuertes<\/strong>, esto tras los sucesos hist\u00f3ricos que marcaron <strong>la conquista del pueblo espa\u00f1ol al descubrir Am\u00e9rica<\/strong> en octubre de 1492, es decir, hace unos 530 a\u00f1os. Seg\u00fan narran los libros de historia, no solo se basa en el descubrimiento del nuevo mundo, tambi\u00e9n <strong>es el genocidio m\u00e1s grande de la historia<\/strong>, pues al menos <strong>90 millones de ind\u00edgenas fueron exterminados<\/strong>.<\/p>\n<div class=\"hHq9Z\">\n<div data-hveid=\"CAgQAA\">\n<div class=\"gyEfO\">\n<div class=\"wDYxhc NFQFxe viOShc LKPcQc\" data-md=\"221\" data-hveid=\"CAMQAA\" data-ved=\"2ahUKEwijnMjpv9_4AhUURDABHWLmDBoQnKEBegQIAxAA\">\n<div class=\"ZxoDOe yGdMVd\">\n<div>\n<div class=\"EGmpye\"><\/div>\n<\/div>\n<\/div>\n<\/div>\n<\/div>\n<\/div>\n<\/div>\n<h4>POST DE TWIITER.<\/h4>\n<blockquote class=\"twitter-tweet\" data-width=\"550\" data-dnt=\"true\">\n<p lang=\"es\" dir=\"ltr\">\u201cIza\u201d y  \u201cSalazar\u201d son apellidos espa\u00f1oles. \u201cIza\u201d viene del pa\u00eds vasco y  \u201cSalazar\u201d de Navarra. Los dos tienen su escudo her\u00e1ldico. Y \u201cLeonidas\u201d es un nombre de origen griego. Ser\u00eda interesante conocer de d\u00f3nde proviene la parte ind\u00edgena del se\u00f1or Leonidas Iza Salazar <a href=\"https:\/\/t.co\/y9fjgX7uab\">pic.twitter.com\/y9fjgX7uab<\/a><\/p>\n<p>&mdash; Emilio Palacio (@PalacioEmilio) <a href=\"https:\/\/twitter.com\/PalacioEmilio\/status\/1542223224687190018?ref_src=twsrc%5Etfw\">June 29, 2022<\/a><\/p><\/blockquote>\n<p><script async src=\"https:\/\/platform.twitter.com\/widgets.js\" charset=\"utf-8\"><\/script><\/p>\n<p>Las cr\u00edticas que recibe el periodista, es por deslegitimar la lucha social del pueblo ind\u00edgena mediante el l\u00edder de la CONAIE, pues hace pocos d\u00edas se termin\u00f3 un Paro Nacional de m\u00e1s de 18 d\u00edas en todo el Ecuador.<\/p>\n<p>S\u00edguenos #LDMnoticias \u00f3 #lodelmomentolojaLDM<\/p>\n","protected":false},"excerpt":{"rendered":"<p>Tras una publicaci\u00f3n de Twitter del periodista ecuatoriano Emilio Palacios, ha desatado una gran ola&#8230;<\/p>\n","protected":false},"author":1,"featured_media":9984,"comment_status":"open","ping_status":"open","sticky":false,"template":"","format":"standard","meta":{"footnotes":""},"categories":[7,1],"tags":[],"class_list":["post-9983","post","type-post","status-publish","format-standard","has-post-thumbnail","hentry","category-ecuador","category-inicio"],"_links":{"self":[{"href":"https:\/\/www.lodelmomentoloja.com\/index.php?rest_route=\/wp\/v2\/posts\/9983"}],"collection":[{"href":"https:\/\/www.lodelmomentoloja.com\/index.php?rest_route=\/wp\/v2\/posts"}],"about":[{"href":"https:\/\/www.lodelmomentoloja.com\/index.php?rest_route=\/wp\/v2\/types\/post"}],"author":[{"embeddable":true,"href":"https:\/\/www.lodelmomentoloja.com\/index.php?rest_route=\/wp\/v2\/users\/1"}],"replies":[{"embeddable":true,"href":"https:\/\/www.lodelmomentoloja.com\/index.php?rest_route=%2Fwp%2Fv2%2Fcomments&post=9983"}],"version-history":[{"count":1,"href":"https:\/\/www.lodelmomentoloja.com\/index.php?rest_route=\/wp\/v2\/posts\/9983\/revisions"}],"predecessor-version":[{"id":9985,"href":"https:\/\/www.lodelmomentoloja.com\/index.php?rest_route=\/wp\/v2\/posts\/9983\/revisions\/9985"}],"wp:featuredmedia":[{"embeddable":true,"href":"https:\/\/www.lodelmomentoloja.com\/index.php?rest_route=\/wp\/v2\/media\/9984"}],"wp:attachment":[{"href":"https:\/\/www.lodelmomentoloja.com\/index.php?rest_route=%2Fwp%2Fv2%2Fmedia&parent=9983"}],"wp:term":[{"taxonomy":"category","embeddable":true,"href":"https:\/\/www.lodelmomentoloja.com\/index.php?rest_route=%2Fwp%2Fv2%2Fcategories&post=9983"},{"taxonomy":"post_tag","embeddable":true,"href":"https:\/\/www.lodelmomentoloja.com\/index.php?rest_route=%2Fwp%2Fv2%2Ftags&post=9983"}],"curies":[{"name":"wp","href":"https:\/\/api.w.org\/{rel}","templated":true}]}}