{"id":9978,"date":"2022-07-04T08:26:49","date_gmt":"2022-07-04T08:26:49","guid":{"rendered":"https:\/\/www.lodelmomentoloja.com\/?p=9978"},"modified":"2022-07-04T13:29:05","modified_gmt":"2022-07-04T13:29:05","slug":"guillermo-lasso-asso-borrero-y-ministros-fueron-denunciados","status":"publish","type":"post","link":"https:\/\/www.lodelmomentoloja.com\/?p=9978","title":{"rendered":"Lasso, Borrero y ministros fueron denunciados"},"content":{"rendered":"<p>#Loja | Acci\u00f3n Jur\u00eddica Popular denunci\u00f3 ante el TCE al primer mandatario, Guillermo Lasso; vicepresidente, Alfredo Borrero; ministro del Interior, Patricio Carrillo y ministro de Defensa, Luis Lara, por presunta &#8220;violencia pol\u00edtica de g\u00e9nero&#8221;.<\/p>\n<p>Esto tras la represi\u00f3n policial contra mujeres ind\u00edgenas, que lideraron las marchas en la capital del Ecuador, durante el paro nacional 2022.<\/p>\n<p>Seg\u00fan el diario Expreso Ec, la notificaci\u00f3n del juez electoral, Joaqu\u00edn Viteri, le otorga dos d\u00edas a la denunciante, Ang\u00e9lica Porras, para que aclare algunos puntos como que legitimen su representaci\u00f3n frente a la organizaci\u00f3n Acci\u00f3n Jur\u00eddica Popular.<\/p>\n<p>www.lodelmomentoloja.com<br \/>\n#LDMnoticias #lodelmomentolojaLDM<\/p>\n","protected":false},"excerpt":{"rendered":"<p>#Loja | Acci\u00f3n Jur\u00eddica Popular denunci\u00f3 ante el TCE al primer mandatario, Guillermo Lasso; vicepresidente,&#8230;<\/p>\n","protected":false},"author":1,"featured_media":9979,"comment_status":"open","ping_status":"open","sticky":false,"template":"","format":"standard","meta":{"footnotes":""},"categories":[7,1],"tags":[],"class_list":["post-9978","post","type-post","status-publish","format-standard","has-post-thumbnail","hentry","category-ecuador","category-inicio"],"_links":{"self":[{"href":"https:\/\/www.lodelmomentoloja.com\/index.php?rest_route=\/wp\/v2\/posts\/9978"}],"collection":[{"href":"https:\/\/www.lodelmomentoloja.com\/index.php?rest_route=\/wp\/v2\/posts"}],"about":[{"href":"https:\/\/www.lodelmomentoloja.com\/index.php?rest_route=\/wp\/v2\/types\/post"}],"author":[{"embeddable":true,"href":"https:\/\/www.lodelmomentoloja.com\/index.php?rest_route=\/wp\/v2\/users\/1"}],"replies":[{"embeddable":true,"href":"https:\/\/www.lodelmomentoloja.com\/index.php?rest_route=%2Fwp%2Fv2%2Fcomments&post=9978"}],"version-history":[{"count":3,"href":"https:\/\/www.lodelmomentoloja.com\/index.php?rest_route=\/wp\/v2\/posts\/9978\/revisions"}],"predecessor-version":[{"id":9982,"href":"https:\/\/www.lodelmomentoloja.com\/index.php?rest_route=\/wp\/v2\/posts\/9978\/revisions\/9982"}],"wp:featuredmedia":[{"embeddable":true,"href":"https:\/\/www.lodelmomentoloja.com\/index.php?rest_route=\/wp\/v2\/media\/9979"}],"wp:attachment":[{"href":"https:\/\/www.lodelmomentoloja.com\/index.php?rest_route=%2Fwp%2Fv2%2Fmedia&parent=9978"}],"wp:term":[{"taxonomy":"category","embeddable":true,"href":"https:\/\/www.lodelmomentoloja.com\/index.php?rest_route=%2Fwp%2Fv2%2Fcategories&post=9978"},{"taxonomy":"post_tag","embeddable":true,"href":"https:\/\/www.lodelmomentoloja.com\/index.php?rest_route=%2Fwp%2Fv2%2Ftags&post=9978"}],"curies":[{"name":"wp","href":"https:\/\/api.w.org\/{rel}","templated":true}]}}