{"id":9965,"date":"2022-07-01T15:00:46","date_gmt":"2022-07-01T15:00:46","guid":{"rendered":"https:\/\/www.lodelmomentoloja.com\/?p=9965"},"modified":"2022-07-01T22:13:14","modified_gmt":"2022-07-01T22:13:14","slug":"dario-loja-confirma-su-precandidatura-a-la-prefectura-de-loja","status":"publish","type":"post","link":"https:\/\/www.lodelmomentoloja.com\/?p=9965","title":{"rendered":"Dario Loja confirma su precandidatura a la Prefectura de Loja"},"content":{"rendered":"<p>Dar\u00edo Loja Reyes, actual concejal de Loja, ha confirmado su participaci\u00f3n como precandidato a la Prefectura de Loja en las elecciones del 2023, esto bajo el auspicio del movimiento pol\u00edtico RETO Lista 33, movimiento constituido a nivel nacional que aspira con Loja llegar a la instituci\u00f3n que esta bajo la tutela de Rafael D\u00e1vila del movimiento CREO.<\/p>\n<p>&nbsp;<\/p>\n<p>&#8220;Hemos aceptado el Reto y ya hemos comenzado a caminar por alcanzar el objetivo. Tambi\u00e9n pidi\u00f3 a la ciudadan\u00eda unirse al proyecto, por eso pido a todos ustedes amigos y personas que creen que hay como cambiar la realidad que vivimos, un\u00e1monos, no por m\u00ed, sino por esta provincia que tanto queremos&#8221; mencion\u00f3 Dar\u00edo Loja al referirse sobre su decisi\u00f3n firme para participar.<\/p>\n<p>Hasta el momento, varios candidatos a las diferentes alcald\u00edas en la provincia de Loja ya han demostrado su inter\u00e9s por apoyar este proyecto que espera dar la sorpresa con una gran renovaci\u00f3n pol\u00edtica, puesto que la administraci\u00f3n p\u00fablica durante los \u00faltimos 20 y 30 a\u00f1os se ha polarizado en determinados perfiles.<\/p>\n<p><em>S\u00edguenos #LDMnoticias \u00f3 #lodelmomentolojaLDM<\/em><\/p>\n","protected":false},"excerpt":{"rendered":"<p>Dar\u00edo Loja Reyes, actual concejal de Loja, ha confirmado su participaci\u00f3n como precandidato a la&#8230;<\/p>\n","protected":false},"author":1,"featured_media":9966,"comment_status":"open","ping_status":"open","sticky":false,"template":"","format":"standard","meta":{"footnotes":""},"categories":[1,5],"tags":[],"class_list":["post-9965","post","type-post","status-publish","format-standard","has-post-thumbnail","hentry","category-inicio","category-loja"],"_links":{"self":[{"href":"https:\/\/www.lodelmomentoloja.com\/index.php?rest_route=\/wp\/v2\/posts\/9965"}],"collection":[{"href":"https:\/\/www.lodelmomentoloja.com\/index.php?rest_route=\/wp\/v2\/posts"}],"about":[{"href":"https:\/\/www.lodelmomentoloja.com\/index.php?rest_route=\/wp\/v2\/types\/post"}],"author":[{"embeddable":true,"href":"https:\/\/www.lodelmomentoloja.com\/index.php?rest_route=\/wp\/v2\/users\/1"}],"replies":[{"embeddable":true,"href":"https:\/\/www.lodelmomentoloja.com\/index.php?rest_route=%2Fwp%2Fv2%2Fcomments&post=9965"}],"version-history":[{"count":1,"href":"https:\/\/www.lodelmomentoloja.com\/index.php?rest_route=\/wp\/v2\/posts\/9965\/revisions"}],"predecessor-version":[{"id":9967,"href":"https:\/\/www.lodelmomentoloja.com\/index.php?rest_route=\/wp\/v2\/posts\/9965\/revisions\/9967"}],"wp:featuredmedia":[{"embeddable":true,"href":"https:\/\/www.lodelmomentoloja.com\/index.php?rest_route=\/wp\/v2\/media\/9966"}],"wp:attachment":[{"href":"https:\/\/www.lodelmomentoloja.com\/index.php?rest_route=%2Fwp%2Fv2%2Fmedia&parent=9965"}],"wp:term":[{"taxonomy":"category","embeddable":true,"href":"https:\/\/www.lodelmomentoloja.com\/index.php?rest_route=%2Fwp%2Fv2%2Fcategories&post=9965"},{"taxonomy":"post_tag","embeddable":true,"href":"https:\/\/www.lodelmomentoloja.com\/index.php?rest_route=%2Fwp%2Fv2%2Ftags&post=9965"}],"curies":[{"name":"wp","href":"https:\/\/api.w.org\/{rel}","templated":true}]}}