{"id":9948,"date":"2022-06-30T12:42:20","date_gmt":"2022-06-30T12:42:20","guid":{"rendered":"https:\/\/www.lodelmomentoloja.com\/?p=9948"},"modified":"2022-06-30T17:55:53","modified_gmt":"2022-06-30T17:55:53","slug":"anuncian-el-fin-del-paro-en-ecuador","status":"publish","type":"post","link":"https:\/\/www.lodelmomentoloja.com\/?p=9948","title":{"rendered":"Anuncian el fin del Paro en Ecuador"},"content":{"rendered":"<p dir=\"ltr\">#Ecuador | Anuncian el fin al paro nacional.<\/p>\n<p dir=\"ltr\">El Gobierno Nacional y representantes del movimiento ind\u00edgena se reunieron este\u00a0 30 de junio de 2022 en la Conferencia Episcopal Ecuatoriana, en dicha reuni\u00f3n se lleg\u00f3 al acuerdo del cese de las movilizaciones.<\/p>\n<p dir=\"ltr\">Adem\u00e1s la Conferencia Episcopal Ecuatoriana ley\u00f3 un \u201cActa por la Paz\u201d que firmar\u00e1n los representantes que participan en el di\u00e1logo<\/p>\n<p dir=\"ltr\">En la misma se anunci\u00f3 que el paro termina luego de 18 d\u00edas de movilizaciones y que el Gobierno acepta reducir otros $ 0,05 el precio del combustible. Ser\u00e1n 15 centavos en total. La gasolina ecopa\u00eds y extra, pasa a costar: $2.40 Y el di\u00e9sel costar\u00e1 $1.75.<\/p>\n<p dir=\"ltr\">Las organizaciones ind\u00edgenas, por su parte, declaran el cese de las movilizaciones y el retorno a las comunidades tras mediaci\u00f3n.<\/p>\n<p dir=\"ltr\">Adem\u00e1s el Gobierno se compromete derogar el estado de excepci\u00f3n vigente, seg\u00fan se establezca la paz en los territorios.<\/p>\n<p dir=\"ltr\">Via: EL comercio<\/p>\n<p dir=\"ltr\">www.lodelmomentoloja.com<br \/>\n#LDMnoticias#lodelmomentolojaLDM<\/p>\n","protected":false},"excerpt":{"rendered":"<p>#Ecuador | Anuncian el fin al paro nacional. El Gobierno Nacional y representantes del movimiento&#8230;<\/p>\n","protected":false},"author":1,"featured_media":9949,"comment_status":"open","ping_status":"open","sticky":false,"template":"","format":"standard","meta":{"footnotes":""},"categories":[7,1],"tags":[],"class_list":["post-9948","post","type-post","status-publish","format-standard","has-post-thumbnail","hentry","category-ecuador","category-inicio"],"_links":{"self":[{"href":"https:\/\/www.lodelmomentoloja.com\/index.php?rest_route=\/wp\/v2\/posts\/9948"}],"collection":[{"href":"https:\/\/www.lodelmomentoloja.com\/index.php?rest_route=\/wp\/v2\/posts"}],"about":[{"href":"https:\/\/www.lodelmomentoloja.com\/index.php?rest_route=\/wp\/v2\/types\/post"}],"author":[{"embeddable":true,"href":"https:\/\/www.lodelmomentoloja.com\/index.php?rest_route=\/wp\/v2\/users\/1"}],"replies":[{"embeddable":true,"href":"https:\/\/www.lodelmomentoloja.com\/index.php?rest_route=%2Fwp%2Fv2%2Fcomments&post=9948"}],"version-history":[{"count":2,"href":"https:\/\/www.lodelmomentoloja.com\/index.php?rest_route=\/wp\/v2\/posts\/9948\/revisions"}],"predecessor-version":[{"id":9951,"href":"https:\/\/www.lodelmomentoloja.com\/index.php?rest_route=\/wp\/v2\/posts\/9948\/revisions\/9951"}],"wp:featuredmedia":[{"embeddable":true,"href":"https:\/\/www.lodelmomentoloja.com\/index.php?rest_route=\/wp\/v2\/media\/9949"}],"wp:attachment":[{"href":"https:\/\/www.lodelmomentoloja.com\/index.php?rest_route=%2Fwp%2Fv2%2Fmedia&parent=9948"}],"wp:term":[{"taxonomy":"category","embeddable":true,"href":"https:\/\/www.lodelmomentoloja.com\/index.php?rest_route=%2Fwp%2Fv2%2Fcategories&post=9948"},{"taxonomy":"post_tag","embeddable":true,"href":"https:\/\/www.lodelmomentoloja.com\/index.php?rest_route=%2Fwp%2Fv2%2Ftags&post=9948"}],"curies":[{"name":"wp","href":"https:\/\/api.w.org\/{rel}","templated":true}]}}