{"id":9945,"date":"2022-06-30T11:47:03","date_gmt":"2022-06-30T11:47:03","guid":{"rendered":"https:\/\/www.lodelmomentoloja.com\/?p=9945"},"modified":"2022-06-30T16:48:47","modified_gmt":"2022-06-30T16:48:47","slug":"conferencia-episcopal-dara-detalles-de-la-mediacion-en-dialogo","status":"publish","type":"post","link":"https:\/\/www.lodelmomentoloja.com\/?p=9945","title":{"rendered":"Conferencia episcopal dar\u00e1 detalles de la mediaci\u00f3n en di\u00e1logo"},"content":{"rendered":"<p><i><span style=\"font-weight: 400;\">La Conferencia Episcopal Ecuatoriana (CEE) respondi\u00f3 de inmediato al anuncio del Gobierno del presidente Guillermo Lasso que aceptaba a este organismo como interlocutor en el di\u00e1logo con la dirigencia ind\u00edgena que permita ponerle fin a la paralizaci\u00f3n que este jueves 30 de junio, cumple el d\u00eda 18.\u00a0<\/span><\/i><\/p>\n<p><span style=\"font-weight: 400;\">Este jueves 30 de junio de 2022, la Conferencia Episcopal informar\u00e1 sobre los avances del proceso de di\u00e1logo y reconciliaci\u00f3n entre las dos partes. Anunci\u00f3 la presencia de funcionarios gubernamentales y jefes ind\u00edgenas de la CONAIE. Los detalles se presentar\u00e1n en el Sal\u00f3n de Organizaci\u00f3n Religiosa de la Di\u00f3cesis de la Sant\u00edsima Trinidad, al norte de Quito.<\/span><\/p>\n<p><span style=\"font-weight: 400;\">El anuncio de la participaci\u00f3n de la Conferencia en la mediaci\u00f3n para el di\u00e1logo la hizo el ministro de Gobierno Francisco Jim\u00e9nez la noche del mi\u00e9rcoles. Aunque Jim\u00e9nez hab\u00eda se\u00f1alado que incidentes que se pudieran registrar en las horas posteriores pudieran complicar el proceso, a la misma hora se conoc\u00eda que unos 1.500 comuneros de Quisapincha, en Tungurahua, se tomaron las antenas repetidoras de radio y Televisi\u00f3n de Pilishurco y dejaron sin se\u00f1al a toda la provincia y parte de Cotopaxi y Chimborazo.\u00a0<\/span><\/p>\n<p><i><span style=\"font-weight: 400;\">El presidente de la agrupaci\u00f3n ind\u00edgena Le\u00f3nidas Iza, como lo ha hecho sin \u00e9xito en otras oportunidades, volvi\u00f3 a hacer llamados a los manifestantes para evitar la violencia y los desmanes. La ma\u00f1ana de este jueves varias v\u00edas volvieron a ser bloqueadas por piedras, tierra y \u00e1rboles colocados para impedir la circulaci\u00f3n vehicular.<\/span><\/i><\/p>\n<p><i><span style=\"font-weight: 400;\">\u201cSiempre va a estar el di\u00e1logo como un instrumento poderoso para encontrar soluciones, hoy, sosteniendo nuestra palabra, participaremos para concluir con este di\u00e1logo con resultados\u201d, fue el comunicado de la CONAIE en una publicaci\u00f3n de Twitter.\u00a0<\/span><\/i><\/p>\n<p><span style=\"font-weight: 400;\">La situaci\u00f3n m\u00e1s conflictiva en la capital se presenta en la parroquia Calder\u00f3n, en el norte de Quito en donde la noche del martes los manifestantes incendiaron dos unidades de Polic\u00eda Comunitaria en un sitio en el que, seg\u00fan la Polic\u00eda, es necesaria la presencia de los uniformados porque se presenta con mayor intensidad el problema del microtr\u00e1fico.\u00a0<\/span><\/p>\n<p><span style=\"font-weight: 400;\">Los inconvenientes y enfrentamientos siguieron la noche del mi\u00e9rcoles. La Polic\u00eda tuvo que emplear gas lacrim\u00f3geno y los moradores denunciaron agresi\u00f3n de parte de los uniformados.<\/span><\/p>\n<p><span style=\"font-weight: 400;\">Hasta el momento, seg\u00fan la Conaie, se han registrado 76 incidentes de vulneraciones con seis personas fallecidas, 331 heridos y 152 detenciones.\u00a0<\/span><\/p>\n<p><span style=\"font-weight: 400;\">Del lado de la Polic\u00eda se reportan 228 uniformados heridos y desde el lado de las Fuerzas Armadas superan los 110 casos de afectados.<\/span><\/p>\n<p>www.lodelmomentoloja.com<\/p>\n<p>#LDMnoticias #lodelmomentolojaLDM<\/p>\n","protected":false},"excerpt":{"rendered":"<p>La Conferencia Episcopal Ecuatoriana (CEE) respondi\u00f3 de inmediato al anuncio del Gobierno del presidente Guillermo&#8230;<\/p>\n","protected":false},"author":1,"featured_media":9946,"comment_status":"open","ping_status":"open","sticky":false,"template":"","format":"standard","meta":{"footnotes":""},"categories":[7,1],"tags":[],"class_list":["post-9945","post","type-post","status-publish","format-standard","has-post-thumbnail","hentry","category-ecuador","category-inicio"],"_links":{"self":[{"href":"https:\/\/www.lodelmomentoloja.com\/index.php?rest_route=\/wp\/v2\/posts\/9945"}],"collection":[{"href":"https:\/\/www.lodelmomentoloja.com\/index.php?rest_route=\/wp\/v2\/posts"}],"about":[{"href":"https:\/\/www.lodelmomentoloja.com\/index.php?rest_route=\/wp\/v2\/types\/post"}],"author":[{"embeddable":true,"href":"https:\/\/www.lodelmomentoloja.com\/index.php?rest_route=\/wp\/v2\/users\/1"}],"replies":[{"embeddable":true,"href":"https:\/\/www.lodelmomentoloja.com\/index.php?rest_route=%2Fwp%2Fv2%2Fcomments&post=9945"}],"version-history":[{"count":1,"href":"https:\/\/www.lodelmomentoloja.com\/index.php?rest_route=\/wp\/v2\/posts\/9945\/revisions"}],"predecessor-version":[{"id":9947,"href":"https:\/\/www.lodelmomentoloja.com\/index.php?rest_route=\/wp\/v2\/posts\/9945\/revisions\/9947"}],"wp:featuredmedia":[{"embeddable":true,"href":"https:\/\/www.lodelmomentoloja.com\/index.php?rest_route=\/wp\/v2\/media\/9946"}],"wp:attachment":[{"href":"https:\/\/www.lodelmomentoloja.com\/index.php?rest_route=%2Fwp%2Fv2%2Fmedia&parent=9945"}],"wp:term":[{"taxonomy":"category","embeddable":true,"href":"https:\/\/www.lodelmomentoloja.com\/index.php?rest_route=%2Fwp%2Fv2%2Fcategories&post=9945"},{"taxonomy":"post_tag","embeddable":true,"href":"https:\/\/www.lodelmomentoloja.com\/index.php?rest_route=%2Fwp%2Fv2%2Ftags&post=9945"}],"curies":[{"name":"wp","href":"https:\/\/api.w.org\/{rel}","templated":true}]}}