{"id":9930,"date":"2022-06-29T17:34:45","date_gmt":"2022-06-29T17:34:45","guid":{"rendered":"https:\/\/www.lodelmomentoloja.com\/?p=9930"},"modified":"2022-06-29T22:37:05","modified_gmt":"2022-06-29T22:37:05","slug":"nuevo-estado-de-excepcion-en-4-provincias-de-ecuador","status":"publish","type":"post","link":"https:\/\/www.lodelmomentoloja.com\/?p=9930","title":{"rendered":"Nuevo estado de excepci\u00f3n en 4 provincias de Ecuador"},"content":{"rendered":"<p>El Primer Mandatario decret\u00f3 un tercer estado de excepci\u00f3n a causa del paro nacional. Pero esta vez la medida se limita a cuatro provincias: Azuay, Imbabura, Sucumb\u00edos y Orellana. Pese a los pedidos del alcalde de Quito, Santiago Guarderas, Pichincha no consta en el documento.<\/p>\n<p>El decreto utiliza nuevamente el argumento de grave conmoci\u00f3n interna por \u201clas actuaciones violentas que han alterado el orden p\u00fablico\u201d. Y se concentra en los territorios m\u00e1s afectados por el paro, seg\u00fan el Gobierno.<\/p>\n<p>La medida tendr\u00e1 una vigencia de 30 d\u00edas y busca principalmente garantizar la seguridad ciudadana y el abastecimiento de las provincias con productos de primera necesidad.<\/p>\n<p>Quedan restringidos los derechos de libertad de asociaci\u00f3n y reuni\u00f3n y existe un toque de queda de 21:00 a 05:00 en Azuay y de 19:00 a 05:00 en Sucumb\u00edos y Orellana.<\/p>\n<p><span style=\"font-size: 13.3333px;\">Fuente: Primicias Ec.<\/span><\/p>\n<p>www.lodelmomentoloja.com<\/p>\n<p>#LDMnoticias #lodelmomentolojaLDM<\/p>\n","protected":false},"excerpt":{"rendered":"<p>El Primer Mandatario decret\u00f3 un tercer estado de excepci\u00f3n a causa del paro nacional. Pero&#8230;<\/p>\n","protected":false},"author":1,"featured_media":9931,"comment_status":"open","ping_status":"open","sticky":false,"template":"","format":"standard","meta":{"footnotes":""},"categories":[7,1],"tags":[],"class_list":["post-9930","post","type-post","status-publish","format-standard","has-post-thumbnail","hentry","category-ecuador","category-inicio"],"_links":{"self":[{"href":"https:\/\/www.lodelmomentoloja.com\/index.php?rest_route=\/wp\/v2\/posts\/9930"}],"collection":[{"href":"https:\/\/www.lodelmomentoloja.com\/index.php?rest_route=\/wp\/v2\/posts"}],"about":[{"href":"https:\/\/www.lodelmomentoloja.com\/index.php?rest_route=\/wp\/v2\/types\/post"}],"author":[{"embeddable":true,"href":"https:\/\/www.lodelmomentoloja.com\/index.php?rest_route=\/wp\/v2\/users\/1"}],"replies":[{"embeddable":true,"href":"https:\/\/www.lodelmomentoloja.com\/index.php?rest_route=%2Fwp%2Fv2%2Fcomments&post=9930"}],"version-history":[{"count":1,"href":"https:\/\/www.lodelmomentoloja.com\/index.php?rest_route=\/wp\/v2\/posts\/9930\/revisions"}],"predecessor-version":[{"id":9932,"href":"https:\/\/www.lodelmomentoloja.com\/index.php?rest_route=\/wp\/v2\/posts\/9930\/revisions\/9932"}],"wp:featuredmedia":[{"embeddable":true,"href":"https:\/\/www.lodelmomentoloja.com\/index.php?rest_route=\/wp\/v2\/media\/9931"}],"wp:attachment":[{"href":"https:\/\/www.lodelmomentoloja.com\/index.php?rest_route=%2Fwp%2Fv2%2Fmedia&parent=9930"}],"wp:term":[{"taxonomy":"category","embeddable":true,"href":"https:\/\/www.lodelmomentoloja.com\/index.php?rest_route=%2Fwp%2Fv2%2Fcategories&post=9930"},{"taxonomy":"post_tag","embeddable":true,"href":"https:\/\/www.lodelmomentoloja.com\/index.php?rest_route=%2Fwp%2Fv2%2Ftags&post=9930"}],"curies":[{"name":"wp","href":"https:\/\/api.w.org\/{rel}","templated":true}]}}