{"id":9889,"date":"2022-06-28T12:00:50","date_gmt":"2022-06-28T12:00:50","guid":{"rendered":"https:\/\/www.lodelmomentoloja.com\/?p=9889"},"modified":"2022-06-28T19:10:11","modified_gmt":"2022-06-28T19:10:11","slug":"un-enfrentamiento-entre-comuneros-y-ff-aa-en-sucumbios-dejan-un-muerto","status":"publish","type":"post","link":"https:\/\/www.lodelmomentoloja.com\/?p=9889","title":{"rendered":"Enfrentamiento entre comuneros y FF.AA en Sucumb\u00edos dejan un muerto."},"content":{"rendered":"<p>A trav\u00e9s de redes sociales se han vuelto virales varios acontecimientos de d\u00edas anteriores en donde se registra <strong>un enfrentamiento entre las fuerzas del orden y manifestantes enfurecidos en el cant\u00f3n Shushufindi<\/strong>, provincia de Sucumb\u00edos, dejando como resultado varios polic\u00edas heridos y hasta un muerto, este fue el Sargento Primero de I. Jos\u00e9 Ch. Q. El fatal hecho, se dio mientras las Fuerzas armadas y Polic\u00eda Nacional se encontraban custodiando un convoy de tanqueros de combustible para el bloque ITT, hasta que fueron sorprendidos por manifestantes en el sector de la pre cooperativa 18 de noviembre en la ruta Shushufindi-Puerto Providencia.<\/p>\n<p>&nbsp;<\/p>\n<p>Tras esta tragedia, el ministro del Interior \u201cPatricio Carrillo\u201d se pronunci\u00f3 en la plataforma social Twitter, brindando sus condolencias e indico la agresi\u00f3n por manifestantes violentos que atacaron a la Polic\u00eda Nacional y las Fuerzas armadas.<\/p>\n<blockquote class=\"twitter-tweet\" data-width=\"550\" data-dnt=\"true\">\n<p lang=\"es\" dir=\"ltr\">\u271d\ufe0fMi solidaridad con la familia del Sgop. Jos\u00e9 Chimarro, militar asesinado esta madrugada por manifestantes violentos que atacaron a un convoy que transportaba combustible y se enfrentaron a <a href=\"https:\/\/twitter.com\/FFAAECUADOR?ref_src=twsrc%5Etfw\">@FFAAECUADOR<\/a> y <a href=\"https:\/\/twitter.com\/PoliciaEcuador?ref_src=twsrc%5Etfw\">@PoliciaEcuador<\/a> en Shushufindi. Tambi\u00e9n dej\u00f3 polic\u00edas y militares heridos. <a href=\"https:\/\/t.co\/scXouX7B1K\">pic.twitter.com\/scXouX7B1K<\/a><\/p>\n<p>&mdash; Patricio Carrillo (@CarrilloRosero) <a href=\"https:\/\/twitter.com\/CarrilloRosero\/status\/1541773090182598658?ref_src=twsrc%5Etfw\">June 28, 2022<\/a><\/p><\/blockquote>\n<p><script async src=\"https:\/\/platform.twitter.com\/widgets.js\" charset=\"utf-8\"><\/script><\/p>\n<p>Todo esto se genera previo a las conversaciones que est\u00e1n gener\u00e1ndose en Quito entre autoridades de Gobierno Nacional y representantes de la CONAIE.<\/p>\n<p>De manera extraoficial se dio a conocer una n\u00f3mina de los afectados.<\/p>\n<p><strong>N\u00f3mina del personal militar y policial afectado:<\/strong><\/p>\n<ul>\n<li>(+) SGOP I. CHIMARRO QUISPE JOS\u00c9 POLIVIO<\/li>\n<li>SGOS I. MOSQUERA QUINTERO CESAR LENIN<\/li>\n<li>CBOP I. CANDO L\u00d3PEZ LUIS ALBERTO<\/li>\n<li>CBOS I. JORQUE ACHOTE EDWIN GONZALO<\/li>\n<li>CBOS I.\u00a0 VEL\u00c1SQUEZ QUINALUISA WILSON ORLANDO<\/li>\n<li>CBOS I.\u00a0 QUISHPI DAQUILEMA WALTER DAVID<\/li>\n<li>CBOS I.\u00a0 PILATAXI NAULA RODRIGO IPOLITO<\/li>\n<li>POLIC\u00cdA NACIONAL (UMO)<\/li>\n<li>SUBT. OBACO RIOFRIO DARWIN DAVID<\/li>\n<li>CBOS. COELLO ESTRADA LUIS STALIN<\/li>\n<li>CBOP. GUARNIZO VARGAS V\u00cdCTOR ALFONSO<\/li>\n<li>POLI. VER\u00c1 ORTIZ GILSON JOEL<\/li>\n<li>POLI. VALLEJO ARMIJOS EDWIN IV\u00c1N.<\/li>\n<\/ul>\n<p>&nbsp;<\/p>\n<h3>VERSIONES SOBRE EL ENFRENTAMIENTO EN SUSHUFINDI.<\/h3>\n<p>Por otro lado, en redes sociales, ciudadanos que han estado presente en el incidente, se han manifestado contra los medios de comunicaci\u00f3n que han informado solo de los heridos y muerte de la fuerza p\u00fablica, mencionando que pese a existir una manifestaci\u00f3n pacifica durante estos d\u00edas por parte de los comuneros, militares abrieron fuego contra la comunidad.<\/p>\n<h4>VIDEO AFICIONADO.<\/h4>\n<div style=\"width: 640px;\" class=\"wp-video\"><!--[if lt IE 9]><script>document.createElement('video');<\/script><![endif]-->\n<video class=\"wp-video-shortcode\" id=\"video-9889-1\" width=\"640\" height=\"352\" preload=\"metadata\" controls=\"controls\"><source type=\"video\/mp4\" src=\"http:\/\/www.lodelmomentoloja.com\/wp-content\/uploads\/2022\/06\/08CQI3HM6CGGggOR.mp4?_=1\" \/><a href=\"http:\/\/www.lodelmomentoloja.com\/wp-content\/uploads\/2022\/06\/08CQI3HM6CGGggOR.mp4\">http:\/\/www.lodelmomentoloja.com\/wp-content\/uploads\/2022\/06\/08CQI3HM6CGGggOR.mp4<\/a><\/video><\/div>\n<blockquote class=\"twitter-tweet\" data-width=\"550\" data-dnt=\"true\">\n<p lang=\"es\" dir=\"ltr\">Se\u00f1ores de <a href=\"https:\/\/twitter.com\/revistavistazo?ref_src=twsrc%5Etfw\">@revistavistazo<\/a> no se miente. Yo acud\u00ed al lugar en calidad de observador. La comunidad estaba en paz en la v\u00eda. Fue la <a href=\"https:\/\/twitter.com\/hashtag\/FuerzaP%C3%BAblica?src=hash&amp;ref_src=twsrc%5Etfw\">#FuerzaP\u00fablica<\/a> que atac\u00f3 a los comuneros, yo lo v\u00ed. Y quienes usaban armas de fuero eran los elementos de la fuerza p\u00fablica. <a href=\"https:\/\/twitter.com\/hashtag\/ParoNacionalEcuador?src=hash&amp;ref_src=twsrc%5Etfw\">#ParoNacionalEcuador<\/a> <a href=\"https:\/\/t.co\/vmfe4JFwfS\">https:\/\/t.co\/vmfe4JFwfS<\/a><\/p>\n<p>&mdash; Pablo Fajardo M. (@Pablofame) <a href=\"https:\/\/twitter.com\/Pablofame\/status\/1541784926869151745?ref_src=twsrc%5Etfw\">June 28, 2022<\/a><\/p><\/blockquote>\n<p><script async src=\"https:\/\/platform.twitter.com\/widgets.js\" charset=\"utf-8\"><\/script><\/p>\n<p><em>S\u00edguenos #LDMnoticias \u00f3 #lodelmomentolojaLDM<\/em><\/p>\n","protected":false},"excerpt":{"rendered":"<p>A trav\u00e9s de redes sociales se han vuelto virales varios acontecimientos de d\u00edas anteriores en&#8230;<\/p>\n","protected":false},"author":1,"featured_media":9895,"comment_status":"open","ping_status":"open","sticky":false,"template":"","format":"standard","meta":{"footnotes":""},"categories":[1],"tags":[],"class_list":["post-9889","post","type-post","status-publish","format-standard","has-post-thumbnail","hentry","category-inicio"],"_links":{"self":[{"href":"https:\/\/www.lodelmomentoloja.com\/index.php?rest_route=\/wp\/v2\/posts\/9889"}],"collection":[{"href":"https:\/\/www.lodelmomentoloja.com\/index.php?rest_route=\/wp\/v2\/posts"}],"about":[{"href":"https:\/\/www.lodelmomentoloja.com\/index.php?rest_route=\/wp\/v2\/types\/post"}],"author":[{"embeddable":true,"href":"https:\/\/www.lodelmomentoloja.com\/index.php?rest_route=\/wp\/v2\/users\/1"}],"replies":[{"embeddable":true,"href":"https:\/\/www.lodelmomentoloja.com\/index.php?rest_route=%2Fwp%2Fv2%2Fcomments&post=9889"}],"version-history":[{"count":3,"href":"https:\/\/www.lodelmomentoloja.com\/index.php?rest_route=\/wp\/v2\/posts\/9889\/revisions"}],"predecessor-version":[{"id":9899,"href":"https:\/\/www.lodelmomentoloja.com\/index.php?rest_route=\/wp\/v2\/posts\/9889\/revisions\/9899"}],"wp:featuredmedia":[{"embeddable":true,"href":"https:\/\/www.lodelmomentoloja.com\/index.php?rest_route=\/wp\/v2\/media\/9895"}],"wp:attachment":[{"href":"https:\/\/www.lodelmomentoloja.com\/index.php?rest_route=%2Fwp%2Fv2%2Fmedia&parent=9889"}],"wp:term":[{"taxonomy":"category","embeddable":true,"href":"https:\/\/www.lodelmomentoloja.com\/index.php?rest_route=%2Fwp%2Fv2%2Fcategories&post=9889"},{"taxonomy":"post_tag","embeddable":true,"href":"https:\/\/www.lodelmomentoloja.com\/index.php?rest_route=%2Fwp%2Fv2%2Ftags&post=9889"}],"curies":[{"name":"wp","href":"https:\/\/api.w.org\/{rel}","templated":true}]}}