{"id":9843,"date":"2022-06-24T08:38:17","date_gmt":"2022-06-24T08:38:17","guid":{"rendered":"https:\/\/www.lodelmomentoloja.com\/?p=9843"},"modified":"2022-06-24T13:39:15","modified_gmt":"2022-06-24T13:39:15","slug":"conaie-denuncia-fallecimiento-de-manifestante-en-quito","status":"publish","type":"post","link":"https:\/\/www.lodelmomentoloja.com\/?p=9843","title":{"rendered":"CONAIE denuncia fallecimiento de manifestante en Quito"},"content":{"rendered":"<p>#Ecuador | CONAIE denunci\u00f3 el fallecimiento de un manifestante en Quito.<\/p>\n<p>El 23 de junio, se cumpli\u00f3 el onceavo d\u00eda de movilizaciones en el contexto del Paro Nacional, impulsado por la CONAIE, en el que se habr\u00eda registrado el fallecimiento de un ciudadano, a altura del parque El Arbolito en Quito.<\/p>\n<p>El manifestante de 40 a\u00f1os de edad, muri\u00f3 por &#8220;trauma penetrante de t\u00f3rax y abdomen por perdigones&#8221;, seg\u00fan menciona la Confederaci\u00f3n de Nacionalidades Ind\u00edgenes del Ecuador en un tuit.<\/p>\n<p>La Alianza de Organizaciones por los Derechos Humanos, pidi\u00f3 a la Fiscal\u00eda que investigue la muerte. Mientras que la CONAIE dijo que &#8216;mientras asesinen al pueblo no existen garant\u00edas&#8217; para el di\u00e1logo.<\/p>\n<p>www.lodelmomentoloja.com<br \/>\n#LDMnoticias #lodelmomentolojaLDM<\/p>\n","protected":false},"excerpt":{"rendered":"<p>#Ecuador | CONAIE denunci\u00f3 el fallecimiento de un manifestante en Quito. El 23 de junio,&#8230;<\/p>\n","protected":false},"author":1,"featured_media":9844,"comment_status":"open","ping_status":"open","sticky":false,"template":"","format":"standard","meta":{"footnotes":""},"categories":[7,1],"tags":[],"class_list":["post-9843","post","type-post","status-publish","format-standard","has-post-thumbnail","hentry","category-ecuador","category-inicio"],"_links":{"self":[{"href":"https:\/\/www.lodelmomentoloja.com\/index.php?rest_route=\/wp\/v2\/posts\/9843"}],"collection":[{"href":"https:\/\/www.lodelmomentoloja.com\/index.php?rest_route=\/wp\/v2\/posts"}],"about":[{"href":"https:\/\/www.lodelmomentoloja.com\/index.php?rest_route=\/wp\/v2\/types\/post"}],"author":[{"embeddable":true,"href":"https:\/\/www.lodelmomentoloja.com\/index.php?rest_route=\/wp\/v2\/users\/1"}],"replies":[{"embeddable":true,"href":"https:\/\/www.lodelmomentoloja.com\/index.php?rest_route=%2Fwp%2Fv2%2Fcomments&post=9843"}],"version-history":[{"count":1,"href":"https:\/\/www.lodelmomentoloja.com\/index.php?rest_route=\/wp\/v2\/posts\/9843\/revisions"}],"predecessor-version":[{"id":9845,"href":"https:\/\/www.lodelmomentoloja.com\/index.php?rest_route=\/wp\/v2\/posts\/9843\/revisions\/9845"}],"wp:featuredmedia":[{"embeddable":true,"href":"https:\/\/www.lodelmomentoloja.com\/index.php?rest_route=\/wp\/v2\/media\/9844"}],"wp:attachment":[{"href":"https:\/\/www.lodelmomentoloja.com\/index.php?rest_route=%2Fwp%2Fv2%2Fmedia&parent=9843"}],"wp:term":[{"taxonomy":"category","embeddable":true,"href":"https:\/\/www.lodelmomentoloja.com\/index.php?rest_route=%2Fwp%2Fv2%2Fcategories&post=9843"},{"taxonomy":"post_tag","embeddable":true,"href":"https:\/\/www.lodelmomentoloja.com\/index.php?rest_route=%2Fwp%2Fv2%2Ftags&post=9843"}],"curies":[{"name":"wp","href":"https:\/\/api.w.org\/{rel}","templated":true}]}}