{"id":9739,"date":"2022-06-20T16:00:25","date_gmt":"2022-06-20T16:00:25","guid":{"rendered":"https:\/\/www.lodelmomentoloja.com\/?p=9739"},"modified":"2022-06-20T21:45:09","modified_gmt":"2022-06-20T21:45:09","slug":"negaron-recurso-de-habeas-corpus-a-jorge-glas","status":"publish","type":"post","link":"https:\/\/www.lodelmomentoloja.com\/?p=9739","title":{"rendered":"Negaron recurso de h\u00e1beas corpus a Jorge Glas"},"content":{"rendered":"<div class=\"\" data-block=\"true\" data-editor=\"cqb91\" data-offset-key=\"5i99j-0-0\">\n<div class=\"public-DraftStyleDefault-block public-DraftStyleDefault-ltr\" data-offset-key=\"5i99j-0-0\"><span data-offset-key=\"5i99j-0-0\">#Ecuador<\/span><span data-offset-key=\"5i99j-1-0\"> | Dentro del la acci\u00f3n de H\u00e1beas Corpus, presentada por la Srta. Nicole Malav\u00e9, en favor del ex vicepresidente, Jorge Glas, el d\u00eda de hoy entre las 16h00, la jueza Dra. Soledad Manosalvas, <strong>se dict\u00f3 sentencia negando la acci\u00f3n, por lo que Glas se quedar\u00e1 en prisi\u00f3n cumpliendo su pena.<\/strong><\/span><\/div>\n<\/div>\n<div data-offset-key=\"5i99j-0-0\"><\/div>\n<div data-offset-key=\"5i99j-0-0\">La defensa del ex vicepresidente, sufre de espondilitis anquilosante y dentro de la c\u00e1rcel no recibe un tratamiento farmacol\u00f3gico, ni fisioterapia para aliviar las dolencias, pero no fueron argumentos suficientes para que pueda lograr su salida, a tal punto, que en d\u00edas anteriores anunci\u00f3 de forma telem\u00e1tica que atentar\u00eda contra su vida.<\/div>\n<div class=\"\" data-block=\"true\" data-editor=\"cqb91\" data-offset-key=\"5i99j-0-0\">\n<div data-offset-key=\"5i99j-0-0\"><\/div>\n<\/div>\n<div data-offset-key=\"5i99j-0-0\"><\/div>\n<div class=\"\" data-block=\"true\" data-editor=\"cqb91\" data-offset-key=\"esahc-0-0\">\n<div class=\"public-DraftStyleDefault-block public-DraftStyleDefault-ltr\" data-offset-key=\"esahc-0-0\"><em>S\u00edguenos #LDMnoticias \u00f3 #lodelmomentolojaLDM<\/em><\/div>\n<\/div>\n","protected":false},"excerpt":{"rendered":"<p>#Ecuador | Dentro del la acci\u00f3n de H\u00e1beas Corpus, presentada por la Srta. Nicole Malav\u00e9,&#8230;<\/p>\n","protected":false},"author":1,"featured_media":9740,"comment_status":"open","ping_status":"open","sticky":false,"template":"","format":"standard","meta":{"footnotes":""},"categories":[7,1],"tags":[],"class_list":["post-9739","post","type-post","status-publish","format-standard","has-post-thumbnail","hentry","category-ecuador","category-inicio"],"_links":{"self":[{"href":"https:\/\/www.lodelmomentoloja.com\/index.php?rest_route=\/wp\/v2\/posts\/9739"}],"collection":[{"href":"https:\/\/www.lodelmomentoloja.com\/index.php?rest_route=\/wp\/v2\/posts"}],"about":[{"href":"https:\/\/www.lodelmomentoloja.com\/index.php?rest_route=\/wp\/v2\/types\/post"}],"author":[{"embeddable":true,"href":"https:\/\/www.lodelmomentoloja.com\/index.php?rest_route=\/wp\/v2\/users\/1"}],"replies":[{"embeddable":true,"href":"https:\/\/www.lodelmomentoloja.com\/index.php?rest_route=%2Fwp%2Fv2%2Fcomments&post=9739"}],"version-history":[{"count":2,"href":"https:\/\/www.lodelmomentoloja.com\/index.php?rest_route=\/wp\/v2\/posts\/9739\/revisions"}],"predecessor-version":[{"id":9742,"href":"https:\/\/www.lodelmomentoloja.com\/index.php?rest_route=\/wp\/v2\/posts\/9739\/revisions\/9742"}],"wp:featuredmedia":[{"embeddable":true,"href":"https:\/\/www.lodelmomentoloja.com\/index.php?rest_route=\/wp\/v2\/media\/9740"}],"wp:attachment":[{"href":"https:\/\/www.lodelmomentoloja.com\/index.php?rest_route=%2Fwp%2Fv2%2Fmedia&parent=9739"}],"wp:term":[{"taxonomy":"category","embeddable":true,"href":"https:\/\/www.lodelmomentoloja.com\/index.php?rest_route=%2Fwp%2Fv2%2Fcategories&post=9739"},{"taxonomy":"post_tag","embeddable":true,"href":"https:\/\/www.lodelmomentoloja.com\/index.php?rest_route=%2Fwp%2Fv2%2Ftags&post=9739"}],"curies":[{"name":"wp","href":"https:\/\/api.w.org\/{rel}","templated":true}]}}