{"id":9702,"date":"2022-06-17T11:08:48","date_gmt":"2022-06-17T11:08:48","guid":{"rendered":"https:\/\/www.lodelmomentoloja.com\/?p=9702"},"modified":"2022-06-17T16:10:28","modified_gmt":"2022-06-17T16:10:28","slug":"fundacion-fedes-celebro-9-anos","status":"publish","type":"post","link":"https:\/\/www.lodelmomentoloja.com\/?p=9702","title":{"rendered":"Fundaci\u00f3n FEDES celebr\u00f3 9 a\u00f1os"},"content":{"rendered":"<p><b>Fundaci\u00f3n FEDES celebr\u00f3 9 a\u00f1os de construir comunidades sostenibles<\/b><\/p>\n<p><span style=\"font-weight: 400;\">Este jueves, 16 de junio, la Universidad T\u00e9cnica Particular de Loja celebr\u00f3 el noveno aniversario de la creaci\u00f3n de la Fundaci\u00f3n para el Desarrollo Empresarial y Social (FEDES). Con motivo de este aniversario, la UTPL desarroll\u00f3 una jornada de actividades para reconocer la labor de la instituci\u00f3n y sus diversas iniciativas para lograr <\/span><b>comunidades sostenibles desde los \u00e1mbitos: econ\u00f3mico, social, humano y ambiental.<\/b><\/p>\n<p><span style=\"font-weight: 400;\">El trabajo de FEDES va m\u00e1s all\u00e1 de ser un implementador de iniciativas. <\/span><b>Sus actividades han permitido fortalecer la relaci\u00f3n de la academia con la comunidad.<\/b><span style=\"font-weight: 400;\"> Estos logros motivaron la realizaci\u00f3n de un conversatorio, denominado \u201cVisiones sobre la vinculaci\u00f3n con el entorno\u201d, que se desarroll\u00f3 en el auditorio P\u00edo Jaramillo Alvarado, donde participaron representantes de UTPL, FEDES, autoridades locales y organizaciones aliadas.<\/span><\/p>\n<p>www.lodelmomentoloja.com<\/p>\n<p>#LDMnoticias #lodelmomentolojaLDM<\/p>\n","protected":false},"excerpt":{"rendered":"<p>Fundaci\u00f3n FEDES celebr\u00f3 9 a\u00f1os de construir comunidades sostenibles Este jueves, 16 de junio, la&#8230;<\/p>\n","protected":false},"author":1,"featured_media":9703,"comment_status":"open","ping_status":"open","sticky":false,"template":"","format":"standard","meta":{"footnotes":""},"categories":[1,5],"tags":[],"class_list":["post-9702","post","type-post","status-publish","format-standard","has-post-thumbnail","hentry","category-inicio","category-loja"],"_links":{"self":[{"href":"https:\/\/www.lodelmomentoloja.com\/index.php?rest_route=\/wp\/v2\/posts\/9702"}],"collection":[{"href":"https:\/\/www.lodelmomentoloja.com\/index.php?rest_route=\/wp\/v2\/posts"}],"about":[{"href":"https:\/\/www.lodelmomentoloja.com\/index.php?rest_route=\/wp\/v2\/types\/post"}],"author":[{"embeddable":true,"href":"https:\/\/www.lodelmomentoloja.com\/index.php?rest_route=\/wp\/v2\/users\/1"}],"replies":[{"embeddable":true,"href":"https:\/\/www.lodelmomentoloja.com\/index.php?rest_route=%2Fwp%2Fv2%2Fcomments&post=9702"}],"version-history":[{"count":1,"href":"https:\/\/www.lodelmomentoloja.com\/index.php?rest_route=\/wp\/v2\/posts\/9702\/revisions"}],"predecessor-version":[{"id":9704,"href":"https:\/\/www.lodelmomentoloja.com\/index.php?rest_route=\/wp\/v2\/posts\/9702\/revisions\/9704"}],"wp:featuredmedia":[{"embeddable":true,"href":"https:\/\/www.lodelmomentoloja.com\/index.php?rest_route=\/wp\/v2\/media\/9703"}],"wp:attachment":[{"href":"https:\/\/www.lodelmomentoloja.com\/index.php?rest_route=%2Fwp%2Fv2%2Fmedia&parent=9702"}],"wp:term":[{"taxonomy":"category","embeddable":true,"href":"https:\/\/www.lodelmomentoloja.com\/index.php?rest_route=%2Fwp%2Fv2%2Fcategories&post=9702"},{"taxonomy":"post_tag","embeddable":true,"href":"https:\/\/www.lodelmomentoloja.com\/index.php?rest_route=%2Fwp%2Fv2%2Ftags&post=9702"}],"curies":[{"name":"wp","href":"https:\/\/api.w.org\/{rel}","templated":true}]}}