{"id":9693,"date":"2022-06-16T13:00:02","date_gmt":"2022-06-16T13:00:02","guid":{"rendered":"https:\/\/www.lodelmomentoloja.com\/?p=9693"},"modified":"2022-06-16T21:20:56","modified_gmt":"2022-06-16T21:20:56","slug":"nilo-cordova-y-cesar-guerrero-iran-por-el-psc-en-el-2023","status":"publish","type":"post","link":"https:\/\/www.lodelmomentoloja.com\/?p=9693","title":{"rendered":"Nilo C\u00f3rdova y C\u00e9sar Guerrero ir\u00e1n por el PSC en el 2023"},"content":{"rendered":"<p>Los movimientos electorales en vistas al 2023 han comenzado a ser visibles, el d\u00eda de ayer, mediante una decisi\u00f3n un\u00e1nime el Partido Social Cristiano (PSC) se proclamaron de manera oficial la precandidatura del <strong>Dr. C\u00e9sar &#8220;Cheche&#8221; Guerrero para la Alcald\u00eda del cant\u00f3n Loja y Nilo C\u00f3rdova L\u00f3pez con la precandidatura a la Prefectura de Loja<\/strong>, y entre sus primeras impresiones, C\u00e9sar Guerrero confirm\u00f3 el acuerdo pol\u00edtico ya consolidado buscar\u00e1 seguir generando unidad con otros corrientes pol\u00edticas que busquen dar un cambio a la administraci\u00f3n p\u00fablica.<\/p>\n<p>Por otro lado, Nilo C\u00f3rdova, tambi\u00e9n mencion\u00f3 que desde hace un tiempo atr\u00e1s, desde la directiva del PSC, se ven\u00eda conversando con varios cuadros y bajo un extenso an\u00e1lisis de las fortalezas, comenzar\u00e1n a consolidar el proyecto pol\u00edtico del partido nacional.<\/p>\n<p>&nbsp;<\/p>\n<h4>LAS IMPRESIONES DEL DIRECTORIO DEL PSC LOJA.<\/h4>\n<p>&#8220;<strong>Se decidi\u00f3 por unanimidad y aclamaci\u00f3n la precandidatura del Doctor Cheche Guerrero<\/strong>, \u00a0como es conocido popularmente, si se ven\u00eda trabajando las coincidencias son sumamente importantes, queremos un municipio que responda a los intereses de la gente, el modelo de desarrollo del cant\u00f3n este filtrado en ejes\u00a0 fundamentales de municipio moderno o un municipio con tecnolog\u00eda, de analizar alianzas p\u00fablicas o privadas para resolver temas como el agua potable de Loja&#8221;, expres\u00f3 C\u00f3rdova L\u00f3pez, precandidato al GPL.<\/p>\n<p><strong>Con respecto al tema de alianzas<\/strong>, Nilo asegura que s<strong>e buscar\u00e1 el di\u00e1logo<\/strong> con todas las corrientes pol\u00edticas <strong>con excepci\u00f3n de la Revoluci\u00f3n Ciudadana y Movimiento CREO<\/strong>, aduciendo que por evidentes circunstancias que han ocurrido, de ah\u00ed en adelante, todas las organizaciones pol\u00edticas est\u00e1n con las puertas abiertas y <strong>adelant\u00f3 que al menos se han generado unas cinco seis alianzas cantonales<\/strong> con la finalidad de genera run gran frente que permita a Loja reclamar lo que por justicia y derecho le corresponde.<\/p>\n<p><b>\u00a0En cuanto a la Viceprefectura, est\u00e1n analizando algunos perfiles que podr\u00edan ser objeto de un acuerdo con otras organizaciones pol\u00edticas pero depender\u00e1 <\/b><strong>del perfil de la candidata que propongan.<\/strong><\/p>\n<p>&nbsp;<\/p>\n<p><em>S\u00edguenos #LDMnoticias \u00f3 #lodelmomentolojaLDM<\/em><\/p>\n","protected":false},"excerpt":{"rendered":"<p>Los movimientos electorales en vistas al 2023 han comenzado a ser visibles, el d\u00eda de&#8230;<\/p>\n","protected":false},"author":1,"featured_media":9694,"comment_status":"open","ping_status":"open","sticky":false,"template":"","format":"standard","meta":{"footnotes":""},"categories":[1,5],"tags":[],"class_list":["post-9693","post","type-post","status-publish","format-standard","has-post-thumbnail","hentry","category-inicio","category-loja"],"_links":{"self":[{"href":"https:\/\/www.lodelmomentoloja.com\/index.php?rest_route=\/wp\/v2\/posts\/9693"}],"collection":[{"href":"https:\/\/www.lodelmomentoloja.com\/index.php?rest_route=\/wp\/v2\/posts"}],"about":[{"href":"https:\/\/www.lodelmomentoloja.com\/index.php?rest_route=\/wp\/v2\/types\/post"}],"author":[{"embeddable":true,"href":"https:\/\/www.lodelmomentoloja.com\/index.php?rest_route=\/wp\/v2\/users\/1"}],"replies":[{"embeddable":true,"href":"https:\/\/www.lodelmomentoloja.com\/index.php?rest_route=%2Fwp%2Fv2%2Fcomments&post=9693"}],"version-history":[{"count":1,"href":"https:\/\/www.lodelmomentoloja.com\/index.php?rest_route=\/wp\/v2\/posts\/9693\/revisions"}],"predecessor-version":[{"id":9695,"href":"https:\/\/www.lodelmomentoloja.com\/index.php?rest_route=\/wp\/v2\/posts\/9693\/revisions\/9695"}],"wp:featuredmedia":[{"embeddable":true,"href":"https:\/\/www.lodelmomentoloja.com\/index.php?rest_route=\/wp\/v2\/media\/9694"}],"wp:attachment":[{"href":"https:\/\/www.lodelmomentoloja.com\/index.php?rest_route=%2Fwp%2Fv2%2Fmedia&parent=9693"}],"wp:term":[{"taxonomy":"category","embeddable":true,"href":"https:\/\/www.lodelmomentoloja.com\/index.php?rest_route=%2Fwp%2Fv2%2Fcategories&post=9693"},{"taxonomy":"post_tag","embeddable":true,"href":"https:\/\/www.lodelmomentoloja.com\/index.php?rest_route=%2Fwp%2Fv2%2Ftags&post=9693"}],"curies":[{"name":"wp","href":"https:\/\/api.w.org\/{rel}","templated":true}]}}