{"id":969,"date":"2020-11-30T12:00:42","date_gmt":"2020-11-30T12:00:42","guid":{"rendered":"http:\/\/www.lodelmomentoloja.com\/?p=969"},"modified":"2020-11-30T18:01:15","modified_gmt":"2020-11-30T18:01:15","slug":"campeon-de-la-vuelta-ecuador","status":"publish","type":"post","link":"https:\/\/www.lodelmomentoloja.com\/?p=969","title":{"rendered":"Campe\u00f3n de La Vuelta Ecuador."},"content":{"rendered":"\n<p><a href=\"https:\/\/www.instagram.com\/explore\/tags\/nacional\/\">#Nacional<\/a>&nbsp;Santiago Montenegro, de la Selecci\u00f3n de Ecuador, gan\u00f3 la edici\u00f3n 37 de la Vuelta a Ecuador este s\u00e1bado 28 de noviembre del 2020<\/p>\n\n\n\n<p>La sexta y \u00faltima etapa de la Vuelta al Ecuador parti\u00f3 desde la Mitad del Mundo este s\u00e1bado con 64 ciclistas. La serpenteante y colorida caravana recorri\u00f3 100 kil\u00f3metros. Hubo un recorrido de 10 vueltas en un per\u00edmetro de 10 kil\u00f3metros y que pas\u00f3 por la avenida Manuel C\u00f3rdoba Galarza. Decenas de personas se agolparon en los costados de las v\u00edas.<\/p>\n\n\n\n<p>La \u00faltima etapa denominada Richard Carapaz, como un homenaje al campe\u00f3n del Giro de Italia 2019 y vicecampe\u00f3n de la Vuelta a Espa\u00f1a fue emocionante y se cerr\u00f3 con la premiaci\u00f3n y el anuncio que el 2021 el plan es aumentar el n\u00famero de Vueltas.<\/p>\n\n\n\n<p>www.lodelmomentoloja.com<br><a href=\"https:\/\/www.instagram.com\/explore\/tags\/ldmnoticias\/\">#LDMnoticias<\/a><a href=\"https:\/\/www.instagram.com\/explore\/tags\/lodelmomentolojaldm\/\">#lodelmomentolojaLDM<\/a><\/p>\n","protected":false},"excerpt":{"rendered":"<p>#Nacional&nbsp;Santiago Montenegro, de la Selecci\u00f3n de Ecuador, gan\u00f3 la edici\u00f3n 37 de la Vuelta a&#8230;<\/p>\n","protected":false},"author":1,"featured_media":970,"comment_status":"open","ping_status":"open","sticky":false,"template":"","format":"standard","meta":{"footnotes":""},"categories":[1],"tags":[],"class_list":["post-969","post","type-post","status-publish","format-standard","has-post-thumbnail","hentry","category-inicio"],"_links":{"self":[{"href":"https:\/\/www.lodelmomentoloja.com\/index.php?rest_route=\/wp\/v2\/posts\/969"}],"collection":[{"href":"https:\/\/www.lodelmomentoloja.com\/index.php?rest_route=\/wp\/v2\/posts"}],"about":[{"href":"https:\/\/www.lodelmomentoloja.com\/index.php?rest_route=\/wp\/v2\/types\/post"}],"author":[{"embeddable":true,"href":"https:\/\/www.lodelmomentoloja.com\/index.php?rest_route=\/wp\/v2\/users\/1"}],"replies":[{"embeddable":true,"href":"https:\/\/www.lodelmomentoloja.com\/index.php?rest_route=%2Fwp%2Fv2%2Fcomments&post=969"}],"version-history":[{"count":1,"href":"https:\/\/www.lodelmomentoloja.com\/index.php?rest_route=\/wp\/v2\/posts\/969\/revisions"}],"predecessor-version":[{"id":971,"href":"https:\/\/www.lodelmomentoloja.com\/index.php?rest_route=\/wp\/v2\/posts\/969\/revisions\/971"}],"wp:featuredmedia":[{"embeddable":true,"href":"https:\/\/www.lodelmomentoloja.com\/index.php?rest_route=\/wp\/v2\/media\/970"}],"wp:attachment":[{"href":"https:\/\/www.lodelmomentoloja.com\/index.php?rest_route=%2Fwp%2Fv2%2Fmedia&parent=969"}],"wp:term":[{"taxonomy":"category","embeddable":true,"href":"https:\/\/www.lodelmomentoloja.com\/index.php?rest_route=%2Fwp%2Fv2%2Fcategories&post=969"},{"taxonomy":"post_tag","embeddable":true,"href":"https:\/\/www.lodelmomentoloja.com\/index.php?rest_route=%2Fwp%2Fv2%2Ftags&post=969"}],"curies":[{"name":"wp","href":"https:\/\/api.w.org\/{rel}","templated":true}]}}