{"id":9680,"date":"2022-06-15T21:25:40","date_gmt":"2022-06-15T21:25:40","guid":{"rendered":"https:\/\/www.lodelmomentoloja.com\/?p=9680"},"modified":"2022-06-16T17:55:09","modified_gmt":"2022-06-16T17:55:09","slug":"congreso-hibrido-contara-con-mas-de-30-ponentes-del-mundo","status":"publish","type":"post","link":"https:\/\/www.lodelmomentoloja.com\/?p=9680","title":{"rendered":"Congreso H\u00edbrido contar\u00e1 con m\u00e1s de 30 ponentes del mundo."},"content":{"rendered":"<p><strong>CONGRESO H\u00cdBRIDO LATINOAMERICANO DE COMUNICACI\u00d3N POL\u00cdTICA Y CAMPA\u00d1AS ELECTORALES, que se llevar\u00e1 a cabo los d\u00edas 29 Y 30, de Julio de 2022, en Ecuador.<\/strong><\/p>\n<p>Conferencias Presenciales y online<br \/>\n3 Foros de An\u00e1lisis y Debates<\/p>\n<p>Con el objetivo de contribuir en el \u00e1mbito acad\u00e9mico y la profesionalizaci\u00f3n de la comunicaci\u00f3n pol\u00edtica, hemos reunido a los mejores profesionales del mundo de la pol\u00edtica, l\u00edderes de opini\u00f3n, acad\u00e9micos, analistas pol\u00edticos, periodistas referentes de la comunicaci\u00f3n y a los mejores estrategas pol\u00edticos nacionales e internacionales en un solo lugar, Loja Ecuador. Analizaremos las nuevas tendencias de la comunicaci\u00f3n pol\u00edtica y digital, marketing pol\u00edtico, manejo de campa\u00f1as electorales, gobiernos y democracia. Adem\u00e1s nos enfocamos en la actualizaci\u00f3n profesional, perfeccionar las habilidades comunicacionales, profesionalizar la elaboraci\u00f3n y aplicaci\u00f3n de estrategias en comunicaci\u00f3n pol\u00edtica, marketing digital y comunicaci\u00f3n de gobierno, al igual que fortalecer la gesti\u00f3n p\u00fablica, la consultor\u00eda y asesor\u00eda pol\u00edtica.<\/p>\n<p>Dentro del marco de actividades del Congreso; se llevar\u00e1n a cabo tres foros pol\u00edticos presenciales de an\u00e1lisis y debates con l\u00edderes de opini\u00f3n, referentes de la pol\u00edtica, analistas pol\u00edticos, e invitados especiales para abordar los siguientes temas:<\/p>\n<p>Foro 1.<br \/>\nAn\u00e1lisis de la Situaci\u00f3n Pol\u00edtica del Ecuador y Elecciones Seccionales Ecuador 2023.<br \/>\nForo 2.<br \/>\nPeriodismo y Pol\u00edtica en Ecuador<br \/>\nForo 3.<br \/>\nMujer, Pol\u00edtica y Democracia.<br \/>\nEste encuentro es un espacio acad\u00e9mico, pol\u00edtico y de alto nivel profesional, donde converger\u00e1n; Pol\u00edticos, Asamble\u00edstas, Gobernadores, Alcaldes, Prefectos, concejales, los mejores Consultores Pol\u00edticos Nacionales e Internacionales, Empresarios, Periodistas, Acad\u00e9micos, Funcionarios del Gobierno, L\u00edderes Sociales, Universitarios y P\u00fablico en General.<\/p>\n<p>Finalmente El evento cuenta con el Aval Acad\u00e9mico de la Universidad T\u00e9cnica Particular de Loja (UTPL)<\/p>\n<p>Adem\u00e1s del Aval Institucional de:<br \/>\nConsejo Nacional Electoral (CNE)<br \/>\nAsociaci\u00f3n de Municipalidades del Ecuador (AME)<br \/>\nAsociaci\u00f3n Iberoamericana de Consultores Pol\u00edticos (AICOP)<br \/>\nPrefectura de la Provincia de Loja<br \/>\nC\u00e1mara de Comercio de Loja (CADECOL)<\/p>\n<p>\u270d\ud83c\udffc INSCR\u00cdBETE AQU\u00cd: <a href=\"https:\/\/bit.ly\/3LnKARD\">https:\/\/bit.ly\/3LnKARD<\/a><br \/>\nWhatsApp: 0991046204 &#8211; <a href=\"https:\/\/walink.co\/340cf7\">https:\/\/walink.co\/340cf7<\/a><\/p>\n<p>Organiza:<br \/>\nE-social Comunicaci\u00f3n S.A.<br \/>\nCumbre Latinoamericana de Pol\u00edtica y Democracia, con sede en Miami. F.L.<\/p>\n<p><em>S\u00edguenos #LDMnoticias \u00f3 #lodelmomentolojaLDM<\/em><\/p>\n","protected":false},"excerpt":{"rendered":"<p>CONGRESO H\u00cdBRIDO LATINOAMERICANO DE COMUNICACI\u00d3N POL\u00cdTICA Y CAMPA\u00d1AS ELECTORALES, que se llevar\u00e1 a cabo los&#8230;<\/p>\n","protected":false},"author":1,"featured_media":9692,"comment_status":"open","ping_status":"open","sticky":false,"template":"","format":"standard","meta":{"footnotes":""},"categories":[1,4],"tags":[],"class_list":["post-9680","post","type-post","status-publish","format-standard","has-post-thumbnail","hentry","category-inicio","category-internacional"],"_links":{"self":[{"href":"https:\/\/www.lodelmomentoloja.com\/index.php?rest_route=\/wp\/v2\/posts\/9680"}],"collection":[{"href":"https:\/\/www.lodelmomentoloja.com\/index.php?rest_route=\/wp\/v2\/posts"}],"about":[{"href":"https:\/\/www.lodelmomentoloja.com\/index.php?rest_route=\/wp\/v2\/types\/post"}],"author":[{"embeddable":true,"href":"https:\/\/www.lodelmomentoloja.com\/index.php?rest_route=\/wp\/v2\/users\/1"}],"replies":[{"embeddable":true,"href":"https:\/\/www.lodelmomentoloja.com\/index.php?rest_route=%2Fwp%2Fv2%2Fcomments&post=9680"}],"version-history":[{"count":3,"href":"https:\/\/www.lodelmomentoloja.com\/index.php?rest_route=\/wp\/v2\/posts\/9680\/revisions"}],"predecessor-version":[{"id":9691,"href":"https:\/\/www.lodelmomentoloja.com\/index.php?rest_route=\/wp\/v2\/posts\/9680\/revisions\/9691"}],"wp:featuredmedia":[{"embeddable":true,"href":"https:\/\/www.lodelmomentoloja.com\/index.php?rest_route=\/wp\/v2\/media\/9692"}],"wp:attachment":[{"href":"https:\/\/www.lodelmomentoloja.com\/index.php?rest_route=%2Fwp%2Fv2%2Fmedia&parent=9680"}],"wp:term":[{"taxonomy":"category","embeddable":true,"href":"https:\/\/www.lodelmomentoloja.com\/index.php?rest_route=%2Fwp%2Fv2%2Fcategories&post=9680"},{"taxonomy":"post_tag","embeddable":true,"href":"https:\/\/www.lodelmomentoloja.com\/index.php?rest_route=%2Fwp%2Fv2%2Ftags&post=9680"}],"curies":[{"name":"wp","href":"https:\/\/api.w.org\/{rel}","templated":true}]}}