{"id":9643,"date":"2022-06-14T10:00:29","date_gmt":"2022-06-14T10:00:29","guid":{"rendered":"https:\/\/www.lodelmomentoloja.com\/?p=9643"},"modified":"2022-06-14T15:31:14","modified_gmt":"2022-06-14T15:31:14","slug":"fiscalia-se-pronuncia-sobre-la-detencion-de-leonidas-iza","status":"publish","type":"post","link":"https:\/\/www.lodelmomentoloja.com\/?p=9643","title":{"rendered":"Fiscal\u00eda se pronuncia sobre la detenci\u00f3n de Leonidas Iza"},"content":{"rendered":"<p>Mediante comunicado oficial, la Fiscal\u00eda General del estado se pronunci\u00f3 sobre el caso de Le\u00f3nidas Iza y su detenci\u00f3n, afirmando que hasta el momento -09h22- el presidente de la CONAIE no ha sido puesto a \u00f3rdenes de la instituci\u00f3n y que tampoco ha recibido el parte policial respectivo para conocer los detalles que la habr\u00edan motivado.<\/p>\n<p>As\u00ed mismo, la fiscal general del Estado, Diana Salazar, ha emitido directrices a los fiscales provinciales para que coordinen procedimientos y acciones con las autoridades correspondientes, con el objeto de evitar detenciones ilegales o arbitrarias.<\/p>\n<p>Finalmente, tras la detenci\u00f3n de un agente fiscal en Cotopaxi, por integrantes de la comunidad Jatarishun (en Squisil\u00ed), cuando se dirig\u00eda a cumplir con sus actividades en Latacunga, Fiscal\u00eda solicita a la Polic\u00eda Nacional que se garantice a los servidores institucionales en todo el territorio nacional, para que puedan continuar desarrollando sus actividades conforme la Constituci\u00f3n y la Ley.<\/p>\n<blockquote class=\"twitter-tweet\" data-width=\"550\" data-dnt=\"true\">\n<p lang=\"es\" dir=\"ltr\"><a href=\"https:\/\/twitter.com\/hashtag\/ATENCI%C3%93N?src=hash&amp;ref_src=twsrc%5Etfw\">#ATENCI\u00d3N<\/a> | Respecto a la detenci\u00f3n de Leonidas I. y la retenci\u00f3n de un agente fiscal en <a href=\"https:\/\/twitter.com\/hashtag\/Cotopaxi?src=hash&amp;ref_src=twsrc%5Etfw\">#Cotopaxi<\/a>, <a href=\"https:\/\/twitter.com\/hashtag\/Fiscal%C3%ADaEc?src=hash&amp;ref_src=twsrc%5Etfw\">#Fiscal\u00edaEc<\/a> informa a la ciudadan\u00eda (comunicado). \u2b07\ufe0f <a href=\"https:\/\/t.co\/IePrnaJFag\">pic.twitter.com\/IePrnaJFag<\/a><\/p>\n<p>&mdash; Fiscal\u00eda Ecuador (@FiscaliaEcuador) <a href=\"https:\/\/twitter.com\/FiscaliaEcuador\/status\/1536715658129448960?ref_src=twsrc%5Etfw\">June 14, 2022<\/a><\/p><\/blockquote>\n<p><script async src=\"https:\/\/platform.twitter.com\/widgets.js\" charset=\"utf-8\"><\/script><\/p>\n<p>&nbsp;<\/p>\n<p><em>S\u00edguenos #LDMnoticias \u00f3 #lodelmomentolojaLDM<\/em><\/p>\n","protected":false},"excerpt":{"rendered":"<p>Mediante comunicado oficial, la Fiscal\u00eda General del estado se pronunci\u00f3 sobre el caso de Le\u00f3nidas&#8230;<\/p>\n","protected":false},"author":1,"featured_media":9644,"comment_status":"open","ping_status":"open","sticky":false,"template":"","format":"standard","meta":{"footnotes":""},"categories":[7,1],"tags":[],"class_list":["post-9643","post","type-post","status-publish","format-standard","has-post-thumbnail","hentry","category-ecuador","category-inicio"],"_links":{"self":[{"href":"https:\/\/www.lodelmomentoloja.com\/index.php?rest_route=\/wp\/v2\/posts\/9643"}],"collection":[{"href":"https:\/\/www.lodelmomentoloja.com\/index.php?rest_route=\/wp\/v2\/posts"}],"about":[{"href":"https:\/\/www.lodelmomentoloja.com\/index.php?rest_route=\/wp\/v2\/types\/post"}],"author":[{"embeddable":true,"href":"https:\/\/www.lodelmomentoloja.com\/index.php?rest_route=\/wp\/v2\/users\/1"}],"replies":[{"embeddable":true,"href":"https:\/\/www.lodelmomentoloja.com\/index.php?rest_route=%2Fwp%2Fv2%2Fcomments&post=9643"}],"version-history":[{"count":1,"href":"https:\/\/www.lodelmomentoloja.com\/index.php?rest_route=\/wp\/v2\/posts\/9643\/revisions"}],"predecessor-version":[{"id":9645,"href":"https:\/\/www.lodelmomentoloja.com\/index.php?rest_route=\/wp\/v2\/posts\/9643\/revisions\/9645"}],"wp:featuredmedia":[{"embeddable":true,"href":"https:\/\/www.lodelmomentoloja.com\/index.php?rest_route=\/wp\/v2\/media\/9644"}],"wp:attachment":[{"href":"https:\/\/www.lodelmomentoloja.com\/index.php?rest_route=%2Fwp%2Fv2%2Fmedia&parent=9643"}],"wp:term":[{"taxonomy":"category","embeddable":true,"href":"https:\/\/www.lodelmomentoloja.com\/index.php?rest_route=%2Fwp%2Fv2%2Fcategories&post=9643"},{"taxonomy":"post_tag","embeddable":true,"href":"https:\/\/www.lodelmomentoloja.com\/index.php?rest_route=%2Fwp%2Fv2%2Ftags&post=9643"}],"curies":[{"name":"wp","href":"https:\/\/api.w.org\/{rel}","templated":true}]}}