{"id":9639,"date":"2022-06-14T08:28:54","date_gmt":"2022-06-14T08:28:54","guid":{"rendered":"https:\/\/www.lodelmomentoloja.com\/?p=9639"},"modified":"2022-06-14T13:31:00","modified_gmt":"2022-06-14T13:31:00","slug":"detienen-a-leonidas-iza-por-incidentes-en-el-paro","status":"publish","type":"post","link":"https:\/\/www.lodelmomentoloja.com\/?p=9639","title":{"rendered":"Detienen a Leonidas Iza por &#8216;incidentes en el paro&#8217;"},"content":{"rendered":"<p>#Ecuador | La Polic\u00eda Nacional confirm\u00f3 la detenci\u00f3n del presidente de la la Confederaci\u00f3n de Nacionalidades Ind\u00edgenas del Ecuador (Conaie), Leonidas Iza, \u201cpor presunci\u00f3n de comisi\u00f3n de delitos\u201d. El dirigente, l\u00edder del paro nacional que empez\u00f3 ayer, se encuentra en sala de aseguramiento temporal para audiencia de calificaci\u00f3n de flagrancia.<\/p>\n<p class=\"prose-text\">Conaie hab\u00eda denunciado a trav\u00e9s de un video en sus redes sociales la detenci\u00f3n de Iza.<\/p>\n<p class=\"prose-text\">De acuerdo a la publicaci\u00f3n quienes intervinieron fueron grupos \u00e9lites de la Polic\u00eda y Fuerzas Armadas. En un video se observa que Iza sali\u00f3 de un veh\u00edculo donde se encontraba con simpatizantes y acompa\u00f1ado de uniformados fue dirigido a otro de color blanco. Se indic\u00f3 que este incidente se realiz\u00f3 en el sector Lasso, cerca de Pastocalle, en la provincia de Cotopaxi.<\/p>\n<p>Via: El universo<\/p>\n<p>www.lodelmomentoloja.com<\/p>\n<p>#LDMnoticias #lodelmomentolojaLDM<\/p>\n","protected":false},"excerpt":{"rendered":"<p>#Ecuador | La Polic\u00eda Nacional confirm\u00f3 la detenci\u00f3n del presidente de la la Confederaci\u00f3n de&#8230;<\/p>\n","protected":false},"author":1,"featured_media":9640,"comment_status":"open","ping_status":"open","sticky":false,"template":"","format":"standard","meta":{"footnotes":""},"categories":[7],"tags":[],"class_list":["post-9639","post","type-post","status-publish","format-standard","has-post-thumbnail","hentry","category-ecuador"],"_links":{"self":[{"href":"https:\/\/www.lodelmomentoloja.com\/index.php?rest_route=\/wp\/v2\/posts\/9639"}],"collection":[{"href":"https:\/\/www.lodelmomentoloja.com\/index.php?rest_route=\/wp\/v2\/posts"}],"about":[{"href":"https:\/\/www.lodelmomentoloja.com\/index.php?rest_route=\/wp\/v2\/types\/post"}],"author":[{"embeddable":true,"href":"https:\/\/www.lodelmomentoloja.com\/index.php?rest_route=\/wp\/v2\/users\/1"}],"replies":[{"embeddable":true,"href":"https:\/\/www.lodelmomentoloja.com\/index.php?rest_route=%2Fwp%2Fv2%2Fcomments&post=9639"}],"version-history":[{"count":2,"href":"https:\/\/www.lodelmomentoloja.com\/index.php?rest_route=\/wp\/v2\/posts\/9639\/revisions"}],"predecessor-version":[{"id":9642,"href":"https:\/\/www.lodelmomentoloja.com\/index.php?rest_route=\/wp\/v2\/posts\/9639\/revisions\/9642"}],"wp:featuredmedia":[{"embeddable":true,"href":"https:\/\/www.lodelmomentoloja.com\/index.php?rest_route=\/wp\/v2\/media\/9640"}],"wp:attachment":[{"href":"https:\/\/www.lodelmomentoloja.com\/index.php?rest_route=%2Fwp%2Fv2%2Fmedia&parent=9639"}],"wp:term":[{"taxonomy":"category","embeddable":true,"href":"https:\/\/www.lodelmomentoloja.com\/index.php?rest_route=%2Fwp%2Fv2%2Fcategories&post=9639"},{"taxonomy":"post_tag","embeddable":true,"href":"https:\/\/www.lodelmomentoloja.com\/index.php?rest_route=%2Fwp%2Fv2%2Ftags&post=9639"}],"curies":[{"name":"wp","href":"https:\/\/api.w.org\/{rel}","templated":true}]}}