{"id":9636,"date":"2022-06-13T18:50:12","date_gmt":"2022-06-13T18:50:12","guid":{"rendered":"https:\/\/www.lodelmomentoloja.com\/?p=9636"},"modified":"2022-06-13T23:51:49","modified_gmt":"2022-06-13T23:51:49","slug":"alcaldia-de-guayaquil-muestra-rostro-de-delincuentes-en-vallas-publicitarias","status":"publish","type":"post","link":"https:\/\/www.lodelmomentoloja.com\/?p=9636","title":{"rendered":"Alcald\u00eda de Guayaquil muestra rostro de delincuentes en vallas publicitarias"},"content":{"rendered":"<p>Como parte de una campa\u00f1a en contra de la delincuencia, la alcald\u00eda de Guayaquil contrat\u00f3 el servicio de vallas publicitarias para mostrar el rostro de delincuentes. Las im\u00e1genes comenzaron a publicarse desde este domingo 12 de junio de 2022.<\/p>\n<p>En redes sociales, la alcaldesa Cynthia Viteri mencion\u00f3 que se trata de los sujetos que han sido atrapados por los agentes metropolitanos y el plan \u201cPumas\u201d que lleva adelante el cabildo.<\/p>\n<p>En reiteradas ocasiones, Viteri ha reclamado al Gobierno Nacional por la falta de atenci\u00f3n y los altos \u00edndices de inseguridad en la ciudad.<\/p>\n<p>La semana anterior, el presidente Guillermo Lasso convoc\u00f3 a una reuni\u00f3n con autoridades seccionales para analizar estrategias ante la inseguridad.<\/p>\n<p>Fuente : Radio Din\u00e1mica<\/p>\n<p>www.lodelmomentoloja.com<\/p>\n<p>#LDMnoticias #lodelmomentolojaLDM<\/p>\n","protected":false},"excerpt":{"rendered":"<p>Como parte de una campa\u00f1a en contra de la delincuencia, la alcald\u00eda de Guayaquil contrat\u00f3&#8230;<\/p>\n","protected":false},"author":1,"featured_media":9637,"comment_status":"open","ping_status":"open","sticky":false,"template":"","format":"standard","meta":{"footnotes":""},"categories":[7],"tags":[],"class_list":["post-9636","post","type-post","status-publish","format-standard","has-post-thumbnail","hentry","category-ecuador"],"_links":{"self":[{"href":"https:\/\/www.lodelmomentoloja.com\/index.php?rest_route=\/wp\/v2\/posts\/9636"}],"collection":[{"href":"https:\/\/www.lodelmomentoloja.com\/index.php?rest_route=\/wp\/v2\/posts"}],"about":[{"href":"https:\/\/www.lodelmomentoloja.com\/index.php?rest_route=\/wp\/v2\/types\/post"}],"author":[{"embeddable":true,"href":"https:\/\/www.lodelmomentoloja.com\/index.php?rest_route=\/wp\/v2\/users\/1"}],"replies":[{"embeddable":true,"href":"https:\/\/www.lodelmomentoloja.com\/index.php?rest_route=%2Fwp%2Fv2%2Fcomments&post=9636"}],"version-history":[{"count":1,"href":"https:\/\/www.lodelmomentoloja.com\/index.php?rest_route=\/wp\/v2\/posts\/9636\/revisions"}],"predecessor-version":[{"id":9638,"href":"https:\/\/www.lodelmomentoloja.com\/index.php?rest_route=\/wp\/v2\/posts\/9636\/revisions\/9638"}],"wp:featuredmedia":[{"embeddable":true,"href":"https:\/\/www.lodelmomentoloja.com\/index.php?rest_route=\/wp\/v2\/media\/9637"}],"wp:attachment":[{"href":"https:\/\/www.lodelmomentoloja.com\/index.php?rest_route=%2Fwp%2Fv2%2Fmedia&parent=9636"}],"wp:term":[{"taxonomy":"category","embeddable":true,"href":"https:\/\/www.lodelmomentoloja.com\/index.php?rest_route=%2Fwp%2Fv2%2Fcategories&post=9636"},{"taxonomy":"post_tag","embeddable":true,"href":"https:\/\/www.lodelmomentoloja.com\/index.php?rest_route=%2Fwp%2Fv2%2Ftags&post=9636"}],"curies":[{"name":"wp","href":"https:\/\/api.w.org\/{rel}","templated":true}]}}