{"id":9632,"date":"2022-06-13T14:00:50","date_gmt":"2022-06-13T14:00:50","guid":{"rendered":"https:\/\/www.lodelmomentoloja.com\/?p=9632"},"modified":"2022-06-13T19:22:27","modified_gmt":"2022-06-13T19:22:27","slug":"balance-tras-las-primeras-doce-horas-del-paro-nacional","status":"publish","type":"post","link":"https:\/\/www.lodelmomentoloja.com\/?p=9632","title":{"rendered":"Balance tras las primeras doce horas del Paro Nacional"},"content":{"rendered":"<p>Desde las instalaciones del ECU911 de la ciudad de Quito, representantes del Gobierno Nacional han realizado una evaluaci\u00f3n a las jornadas de movilizaciones por el Paro Nacional de las primeras doce horas, dejando como resultado la afectaci\u00f3n dos ejes, como <strong>son la vialidad y educaci\u00f3n.<\/strong><\/p>\n<p>Por parte del <em>Ministerio del Interior<\/em>, Patricio Carillo, manifest\u00f3 que han registrado varios eventos que han sido regularizados con normalidad\u00a0 &#8220;Una protesta social por una minor\u00eda que bajo intereses populistas han pretendido caotizar el pa\u00eds, <strong>ha registrado 44 eventos a nivel nacional<\/strong>, en pocos de ellos se han cometido actos vand\u00e1licos&#8221; manifest\u00f3 Carrillo.<\/p>\n<p><strong>Mar\u00eda Brown, Ministra de Educaci\u00f3n<\/strong>, puntualiz\u00f3 que existe normalidad en las clases presenciales y solo en casos especiales por <strong>la dificultad de movilidad se han tomado medidas para retomar las clases virtuales<\/strong> &#8220;A las 11 de la ma\u00f1ana, las clases a distancia se dieron en <strong>77 instituciones educativas de 19 cantones pertenecientes a 7 provincias<\/strong>&#8221; y seg\u00fan la encargada de la cartera de estado, esto perjudicar\u00eda a m\u00e1s de 41.083 estudiantes.<\/p>\n<ul>\n<li>Loja: 3 instituciones educativas.<\/li>\n<li>Chimborazo: 6 instituciones educativas.<\/li>\n<li>Pichincha: 63 instituciones educativas.<\/li>\n<li>Bol\u00edvar: 2 instituciones educativas.<\/li>\n<li>Los R\u00edos: 1 instituciones educativas.<\/li>\n<li>Imbabura: 5 instituciones educativas.<\/li>\n<li>Guayas: 5 instituciones educativas.<\/li>\n<\/ul>\n<p>Finalmente, <strong>Francisco Jim\u00e9nez, Ministro de Gobierno<\/strong>, al ser preguntado por un periodista<strong> sobre la posibilidad de tumbar al gobierno<\/strong>, <strong>contest\u00f3 entre risas<\/strong> &#8220;Nosotros como nos vamos a dejar tumbar. <strong>A mi me da un poco de risa esa pregunta<\/strong>, ellos pueden anunciar lo que quieran pero el pa\u00eds no aguanta m\u00e1s inestabilidad. No vamos a permitir que dos o tres personas vayan por encima de millones de ecuatorianos&#8221; puntualiz\u00f3.<\/p>\n<p><em>S\u00edguenos #LDMnoticias \u00f3 #lodelmomentolojaLDM<\/em><\/p>\n","protected":false},"excerpt":{"rendered":"<p>Desde las instalaciones del ECU911 de la ciudad de Quito, representantes del Gobierno Nacional han&#8230;<\/p>\n","protected":false},"author":1,"featured_media":9633,"comment_status":"open","ping_status":"open","sticky":false,"template":"","format":"standard","meta":{"footnotes":""},"categories":[7,1],"tags":[],"class_list":["post-9632","post","type-post","status-publish","format-standard","has-post-thumbnail","hentry","category-ecuador","category-inicio"],"_links":{"self":[{"href":"https:\/\/www.lodelmomentoloja.com\/index.php?rest_route=\/wp\/v2\/posts\/9632"}],"collection":[{"href":"https:\/\/www.lodelmomentoloja.com\/index.php?rest_route=\/wp\/v2\/posts"}],"about":[{"href":"https:\/\/www.lodelmomentoloja.com\/index.php?rest_route=\/wp\/v2\/types\/post"}],"author":[{"embeddable":true,"href":"https:\/\/www.lodelmomentoloja.com\/index.php?rest_route=\/wp\/v2\/users\/1"}],"replies":[{"embeddable":true,"href":"https:\/\/www.lodelmomentoloja.com\/index.php?rest_route=%2Fwp%2Fv2%2Fcomments&post=9632"}],"version-history":[{"count":2,"href":"https:\/\/www.lodelmomentoloja.com\/index.php?rest_route=\/wp\/v2\/posts\/9632\/revisions"}],"predecessor-version":[{"id":9635,"href":"https:\/\/www.lodelmomentoloja.com\/index.php?rest_route=\/wp\/v2\/posts\/9632\/revisions\/9635"}],"wp:featuredmedia":[{"embeddable":true,"href":"https:\/\/www.lodelmomentoloja.com\/index.php?rest_route=\/wp\/v2\/media\/9633"}],"wp:attachment":[{"href":"https:\/\/www.lodelmomentoloja.com\/index.php?rest_route=%2Fwp%2Fv2%2Fmedia&parent=9632"}],"wp:term":[{"taxonomy":"category","embeddable":true,"href":"https:\/\/www.lodelmomentoloja.com\/index.php?rest_route=%2Fwp%2Fv2%2Fcategories&post=9632"},{"taxonomy":"post_tag","embeddable":true,"href":"https:\/\/www.lodelmomentoloja.com\/index.php?rest_route=%2Fwp%2Fv2%2Ftags&post=9632"}],"curies":[{"name":"wp","href":"https:\/\/api.w.org\/{rel}","templated":true}]}}