{"id":9620,"date":"2022-06-13T08:13:01","date_gmt":"2022-06-13T08:13:01","guid":{"rendered":"https:\/\/www.lodelmomentoloja.com\/?p=9620"},"modified":"2022-06-13T13:16:54","modified_gmt":"2022-06-13T13:16:54","slug":"saraguro-se-suma-al-paro-nacional","status":"publish","type":"post","link":"https:\/\/www.lodelmomentoloja.com\/?p=9620","title":{"rendered":"Saraguro se suma al paro nacional"},"content":{"rendered":"<p>#Loja | Organizaciones sociales de Saraguro se sumar\u00e1n al paro nacional convocado por la CONAIE.<\/p>\n<p>As\u00ed lo aseguraron los presidentes de las organizaciones CORPUKIS y FIIS, a trav\u00e9s medios de comunicaci\u00f3n locales.<\/p>\n<p>Jos\u00e9 Sarango, presidente de la Korpukis manifest\u00f3 que desde hoy iniciar\u00e1n con el cierre de la v\u00eda Saraguro-Loja en el sector de la Loma de El Oro, entrada al cerro Fierro Urco, lugar donde ya hicieron un primer plant\u00f3n en d\u00edas anteriores en contra de las empresas mineras y por ello, es en ese lugar donde arrancar\u00e1 con esta medida de hecho en contra de las pol\u00edticas neoliberales de Guillermo Lasso.<\/p>\n<p>Adem\u00e1s otro punto donde se va a cerrar es en la v\u00eda Saraguro-Cuenca, sector del puente de Sinincapac, as\u00ed lo manifest\u00f3, Alvaro Medina, presidente de la Federaci\u00f3n Interprovincial de Ind\u00edgenas Saraguros (FIIS).<\/p>\n<p>www.lodelmomentoloja.com<\/p>\n<p>#LDMnoticias #lodelmomentolojaLDM<\/p>\n","protected":false},"excerpt":{"rendered":"<p>#Loja | Organizaciones sociales de Saraguro se sumar\u00e1n al paro nacional convocado por la CONAIE&#8230;.<\/p>\n","protected":false},"author":1,"featured_media":9621,"comment_status":"open","ping_status":"open","sticky":false,"template":"","format":"standard","meta":{"footnotes":""},"categories":[1],"tags":[],"class_list":["post-9620","post","type-post","status-publish","format-standard","has-post-thumbnail","hentry","category-inicio"],"_links":{"self":[{"href":"https:\/\/www.lodelmomentoloja.com\/index.php?rest_route=\/wp\/v2\/posts\/9620"}],"collection":[{"href":"https:\/\/www.lodelmomentoloja.com\/index.php?rest_route=\/wp\/v2\/posts"}],"about":[{"href":"https:\/\/www.lodelmomentoloja.com\/index.php?rest_route=\/wp\/v2\/types\/post"}],"author":[{"embeddable":true,"href":"https:\/\/www.lodelmomentoloja.com\/index.php?rest_route=\/wp\/v2\/users\/1"}],"replies":[{"embeddable":true,"href":"https:\/\/www.lodelmomentoloja.com\/index.php?rest_route=%2Fwp%2Fv2%2Fcomments&post=9620"}],"version-history":[{"count":1,"href":"https:\/\/www.lodelmomentoloja.com\/index.php?rest_route=\/wp\/v2\/posts\/9620\/revisions"}],"predecessor-version":[{"id":9622,"href":"https:\/\/www.lodelmomentoloja.com\/index.php?rest_route=\/wp\/v2\/posts\/9620\/revisions\/9622"}],"wp:featuredmedia":[{"embeddable":true,"href":"https:\/\/www.lodelmomentoloja.com\/index.php?rest_route=\/wp\/v2\/media\/9621"}],"wp:attachment":[{"href":"https:\/\/www.lodelmomentoloja.com\/index.php?rest_route=%2Fwp%2Fv2%2Fmedia&parent=9620"}],"wp:term":[{"taxonomy":"category","embeddable":true,"href":"https:\/\/www.lodelmomentoloja.com\/index.php?rest_route=%2Fwp%2Fv2%2Fcategories&post=9620"},{"taxonomy":"post_tag","embeddable":true,"href":"https:\/\/www.lodelmomentoloja.com\/index.php?rest_route=%2Fwp%2Fv2%2Ftags&post=9620"}],"curies":[{"name":"wp","href":"https:\/\/api.w.org\/{rel}","templated":true}]}}