{"id":9605,"date":"2022-06-10T11:01:12","date_gmt":"2022-06-10T11:01:12","guid":{"rendered":"https:\/\/www.lodelmomentoloja.com\/?p=9605"},"modified":"2022-06-10T16:02:51","modified_gmt":"2022-06-10T16:02:51","slug":"fifa-falla-a-favor-de-la-fef","status":"publish","type":"post","link":"https:\/\/www.lodelmomentoloja.com\/?p=9605","title":{"rendered":"FIFA falla a favor de la FEF"},"content":{"rendered":"<p>#Ecuador | La selecci\u00f3n de Ecuador ir\u00e1 al Mundial de Catar 2022, luego de la sentencia de la Fifa por el caso del jugador Byron castillo.<\/p>\n<p>&#8220;La Comisi\u00f3n Disciplinaria de la Fifa ha tomado una decisi\u00f3n sobre el posible incumplimiento de Byron David Castillo Segura de los criterios de convocatoria para participar con la selecci\u00f3n nacional de la Federaci\u00f3n Ecuatoriana de F\u00fatbol (FEF) en ocho partidos de clasificaci\u00f3n, correspondientes a la fase preliminar de la Copa Mundial de la Fifa Catar 2022&#8221;, dice el comunicado de la entidad.<\/p>\n<p>Y agreg\u00f3: &#8220;La decisi\u00f3n de la Comisi\u00f3n Disciplinaria de la Fifa se ha notificado hoy a las partes afectadas. De conformidad con el C\u00f3digo Disciplinario de la Fifa, las partes disponen de diez d\u00edas para solicitar la decisi\u00f3n fundamentada, que, de ser solicitada se publicar\u00eda en legal.fifa.com. Esta decisi\u00f3n puede ser recurrida ante la Comisi\u00f3n de Apelaci\u00f3n de la Fifa&#8221;.<\/p>\n<p>La entidad advirti\u00f3 que analiz\u00f3 la documentaci\u00f3n recibida de las partes y la Comisi\u00f3n Disciplinaria decidi\u00f3 cerrar el procedimiento disciplinario iniciado contra la federaci\u00f3n de Ecuador.<\/p>\n<p>Seg\u00fan la federaci\u00f3n chilena, representada por el abogado brasile\u00f1o Eduardo Carlezzo, Castillo no era elegible para jugar la eliminatoria con Ecuador al haber nacido en Colombia, y present\u00f3 documentaci\u00f3n en la que duda de la autenticidad de su registro ecuatoriano.<\/p>\n<p>Por su parte, la Federaci\u00f3n Ecuatoriana se ha mostrado tranquila, y siempre creyeron en que no se va a afectar su participaci\u00f3n en la Copa del Mundo, como efectivamente pas\u00f3.<\/p>\n<p>Fuente: El Tiempo<\/p>\n<p>www.lodelmomentoloja.com<br \/>\n#LDMnoticias #lodelmomentolojaLDM<\/p>\n","protected":false},"excerpt":{"rendered":"<p>#Ecuador | La selecci\u00f3n de Ecuador ir\u00e1 al Mundial de Catar 2022, luego de la&#8230;<\/p>\n","protected":false},"author":1,"featured_media":9606,"comment_status":"open","ping_status":"open","sticky":false,"template":"","format":"standard","meta":{"footnotes":""},"categories":[1],"tags":[],"class_list":["post-9605","post","type-post","status-publish","format-standard","has-post-thumbnail","hentry","category-inicio"],"_links":{"self":[{"href":"https:\/\/www.lodelmomentoloja.com\/index.php?rest_route=\/wp\/v2\/posts\/9605"}],"collection":[{"href":"https:\/\/www.lodelmomentoloja.com\/index.php?rest_route=\/wp\/v2\/posts"}],"about":[{"href":"https:\/\/www.lodelmomentoloja.com\/index.php?rest_route=\/wp\/v2\/types\/post"}],"author":[{"embeddable":true,"href":"https:\/\/www.lodelmomentoloja.com\/index.php?rest_route=\/wp\/v2\/users\/1"}],"replies":[{"embeddable":true,"href":"https:\/\/www.lodelmomentoloja.com\/index.php?rest_route=%2Fwp%2Fv2%2Fcomments&post=9605"}],"version-history":[{"count":1,"href":"https:\/\/www.lodelmomentoloja.com\/index.php?rest_route=\/wp\/v2\/posts\/9605\/revisions"}],"predecessor-version":[{"id":9607,"href":"https:\/\/www.lodelmomentoloja.com\/index.php?rest_route=\/wp\/v2\/posts\/9605\/revisions\/9607"}],"wp:featuredmedia":[{"embeddable":true,"href":"https:\/\/www.lodelmomentoloja.com\/index.php?rest_route=\/wp\/v2\/media\/9606"}],"wp:attachment":[{"href":"https:\/\/www.lodelmomentoloja.com\/index.php?rest_route=%2Fwp%2Fv2%2Fmedia&parent=9605"}],"wp:term":[{"taxonomy":"category","embeddable":true,"href":"https:\/\/www.lodelmomentoloja.com\/index.php?rest_route=%2Fwp%2Fv2%2Fcategories&post=9605"},{"taxonomy":"post_tag","embeddable":true,"href":"https:\/\/www.lodelmomentoloja.com\/index.php?rest_route=%2Fwp%2Fv2%2Ftags&post=9605"}],"curies":[{"name":"wp","href":"https:\/\/api.w.org\/{rel}","templated":true}]}}