{"id":9589,"date":"2022-06-09T12:07:29","date_gmt":"2022-06-09T12:07:29","guid":{"rendered":"https:\/\/www.lodelmomentoloja.com\/?p=9589"},"modified":"2022-06-09T17:08:35","modified_gmt":"2022-06-09T17:08:35","slug":"denunciados-ante-fiscalia-por-presunto-trafico-de-influencias","status":"publish","type":"post","link":"https:\/\/www.lodelmomentoloja.com\/?p=9589","title":{"rendered":"Denunciados ante Fiscal\u00eda por presunto tr\u00e1fico de influencias"},"content":{"rendered":"<p>#Loja | El prefecto de Loja, Rafael D\u00e1vila, junto al ministro de minas, Xavier Vera, fueron denunciados antes la fiscal\u00eda por el presunto tr\u00e1fico de influencias. Este hecho se dio la tarde del mi\u00e9rcoles, 08 de junio de 2022, por parte del abogado C\u00e9sar Guerrero, afirmando que estos actos no se pueden seguir ocurriendo para Loja.<\/p>\n<p><iframe loading=\"lazy\" title=\"D\u00e1vila es denunciado ante la Fiscal\u00eda por presunto tr\u00e1fico de influencias | LO DEL MOMENTO LOJA\" width=\"640\" height=\"360\" src=\"https:\/\/www.youtube.com\/embed\/xdNsPOcntY0?feature=oembed\" frameborder=\"0\" allow=\"accelerometer; autoplay; clipboard-write; encrypted-media; gyroscope; picture-in-picture; web-share\" referrerpolicy=\"strict-origin-when-cross-origin\" allowfullscreen><\/iframe><\/p>\n<p>&nbsp;<\/p>\n<p>www.lodelmomentoloja.com<br \/>\n#LDMnoticias #lodelmomentolojaLDM<\/p>\n","protected":false},"excerpt":{"rendered":"<p>#Loja | El prefecto de Loja, Rafael D\u00e1vila, junto al ministro de minas, Xavier Vera,&#8230;<\/p>\n","protected":false},"author":1,"featured_media":9587,"comment_status":"open","ping_status":"open","sticky":false,"template":"","format":"standard","meta":{"footnotes":""},"categories":[1],"tags":[],"class_list":["post-9589","post","type-post","status-publish","format-standard","has-post-thumbnail","hentry","category-inicio"],"_links":{"self":[{"href":"https:\/\/www.lodelmomentoloja.com\/index.php?rest_route=\/wp\/v2\/posts\/9589"}],"collection":[{"href":"https:\/\/www.lodelmomentoloja.com\/index.php?rest_route=\/wp\/v2\/posts"}],"about":[{"href":"https:\/\/www.lodelmomentoloja.com\/index.php?rest_route=\/wp\/v2\/types\/post"}],"author":[{"embeddable":true,"href":"https:\/\/www.lodelmomentoloja.com\/index.php?rest_route=\/wp\/v2\/users\/1"}],"replies":[{"embeddable":true,"href":"https:\/\/www.lodelmomentoloja.com\/index.php?rest_route=%2Fwp%2Fv2%2Fcomments&post=9589"}],"version-history":[{"count":1,"href":"https:\/\/www.lodelmomentoloja.com\/index.php?rest_route=\/wp\/v2\/posts\/9589\/revisions"}],"predecessor-version":[{"id":9590,"href":"https:\/\/www.lodelmomentoloja.com\/index.php?rest_route=\/wp\/v2\/posts\/9589\/revisions\/9590"}],"wp:featuredmedia":[{"embeddable":true,"href":"https:\/\/www.lodelmomentoloja.com\/index.php?rest_route=\/wp\/v2\/media\/9587"}],"wp:attachment":[{"href":"https:\/\/www.lodelmomentoloja.com\/index.php?rest_route=%2Fwp%2Fv2%2Fmedia&parent=9589"}],"wp:term":[{"taxonomy":"category","embeddable":true,"href":"https:\/\/www.lodelmomentoloja.com\/index.php?rest_route=%2Fwp%2Fv2%2Fcategories&post=9589"},{"taxonomy":"post_tag","embeddable":true,"href":"https:\/\/www.lodelmomentoloja.com\/index.php?rest_route=%2Fwp%2Fv2%2Ftags&post=9589"}],"curies":[{"name":"wp","href":"https:\/\/api.w.org\/{rel}","templated":true}]}}