{"id":9567,"date":"2022-06-08T16:06:47","date_gmt":"2022-06-08T16:06:47","guid":{"rendered":"https:\/\/www.lodelmomentoloja.com\/?p=9567"},"modified":"2022-06-08T21:08:08","modified_gmt":"2022-06-08T21:08:08","slug":"ecuatorianos-competiran-a-nivel-internacional-en-buceo","status":"publish","type":"post","link":"https:\/\/www.lodelmomentoloja.com\/?p=9567","title":{"rendered":"Ecuatorianos competir\u00e1n a nivel internacional en Buceo"},"content":{"rendered":"<p>#Internacional | Selecci\u00f3n ecuatoriana de buceo competir\u00e1 en Serbia.<\/p>\n<p>Mar\u00eda Ver\u00f3nica C\u00f3rdova, Fabi\u00e1n Mora y Arianna Garc\u00eda representar\u00e1n al Ecuador en el Campeonato Mundial de Buceo Libre en Belgrado, del 10 al 16 de junio.<\/p>\n<p>La selecci\u00f3n de apnea ha recibido el apoyo del COE para los boletos a\u00e9reos, mientras que la Fedasub aport\u00f3 en la estad\u00eda, el seguro y los ex\u00e1menes m\u00e9dicos, seg\u00fan explic\u00f3 C\u00f3rdova. Los buceadores Tricolores tienen previsto viajar a Serbia este mi\u00e9rcoles 8 de junio.<\/p>\n<p>La apnea o buceo libre es un deporte extremo en el que los nadadores recorren largas distancias o descienden a grandes profundidades bajo el agua a pulm\u00f3n libre. Es decir, aguantan la respiraci\u00f3n sin utilizar equipos de submarinismo como un esn\u00f3rquel.<\/p>\n<p>www.lodelmomentoloja.com<br \/>\n#LDMnoticias #lodelmomentolojaLDM<\/p>\n","protected":false},"excerpt":{"rendered":"<p>#Internacional | Selecci\u00f3n ecuatoriana de buceo competir\u00e1 en Serbia. Mar\u00eda Ver\u00f3nica C\u00f3rdova, Fabi\u00e1n Mora y&#8230;<\/p>\n","protected":false},"author":1,"featured_media":9568,"comment_status":"open","ping_status":"open","sticky":false,"template":"","format":"standard","meta":{"footnotes":""},"categories":[1],"tags":[],"class_list":["post-9567","post","type-post","status-publish","format-standard","has-post-thumbnail","hentry","category-inicio"],"_links":{"self":[{"href":"https:\/\/www.lodelmomentoloja.com\/index.php?rest_route=\/wp\/v2\/posts\/9567"}],"collection":[{"href":"https:\/\/www.lodelmomentoloja.com\/index.php?rest_route=\/wp\/v2\/posts"}],"about":[{"href":"https:\/\/www.lodelmomentoloja.com\/index.php?rest_route=\/wp\/v2\/types\/post"}],"author":[{"embeddable":true,"href":"https:\/\/www.lodelmomentoloja.com\/index.php?rest_route=\/wp\/v2\/users\/1"}],"replies":[{"embeddable":true,"href":"https:\/\/www.lodelmomentoloja.com\/index.php?rest_route=%2Fwp%2Fv2%2Fcomments&post=9567"}],"version-history":[{"count":1,"href":"https:\/\/www.lodelmomentoloja.com\/index.php?rest_route=\/wp\/v2\/posts\/9567\/revisions"}],"predecessor-version":[{"id":9569,"href":"https:\/\/www.lodelmomentoloja.com\/index.php?rest_route=\/wp\/v2\/posts\/9567\/revisions\/9569"}],"wp:featuredmedia":[{"embeddable":true,"href":"https:\/\/www.lodelmomentoloja.com\/index.php?rest_route=\/wp\/v2\/media\/9568"}],"wp:attachment":[{"href":"https:\/\/www.lodelmomentoloja.com\/index.php?rest_route=%2Fwp%2Fv2%2Fmedia&parent=9567"}],"wp:term":[{"taxonomy":"category","embeddable":true,"href":"https:\/\/www.lodelmomentoloja.com\/index.php?rest_route=%2Fwp%2Fv2%2Fcategories&post=9567"},{"taxonomy":"post_tag","embeddable":true,"href":"https:\/\/www.lodelmomentoloja.com\/index.php?rest_route=%2Fwp%2Fv2%2Ftags&post=9567"}],"curies":[{"name":"wp","href":"https:\/\/api.w.org\/{rel}","templated":true}]}}