{"id":9561,"date":"2022-06-09T09:00:29","date_gmt":"2022-06-09T09:00:29","guid":{"rendered":"https:\/\/www.lodelmomentoloja.com\/?p=9561"},"modified":"2022-06-09T15:11:52","modified_gmt":"2022-06-09T15:11:52","slug":"ivan-saquicela-reunido-con-el-juez-de-la-corte-nacional-de-justicia","status":"publish","type":"post","link":"https:\/\/www.lodelmomentoloja.com\/?p=9561","title":{"rendered":"Iv\u00e1n Saquicela reunido con el Juez de la Corte Nacional de Justicia"},"content":{"rendered":"<p><strong>#Ecuador | Saquicela reunido con el juez que debe resolver su causa.<\/strong><\/p>\n<p>El d\u00eda de hoy a las 12:15, en un lugar p\u00fablico se habr\u00eda reunido el juez de la Corte Nacional de Justicia Marco Rodr\u00edguez, juez ponente a cargo del informe que debe resolver sobre presunta negligencia en contra del presidente de la Corte Nacional de Justicia Iv\u00e1n Saquicela.<br \/>\nEn contexto.<br \/>\nEl Consejo de la Judicatura, el pasado 20 de mayo del presente suspendi\u00f3 por 90 d\u00edas al Presidente de la Corte Nacional, Iv\u00e1n Saquicela por dos denuncias presentadas en su contra. Las denuncias ser\u00edan por presunta negligencia, tipificados en el art\u00edculo 109 numeral 7 del C\u00f3digo Org\u00e1nico de la Funci\u00f3n Judicial.<br \/>\nUna de las denuncias fue presentada por Alex Guam\u00e1n, la cual fue retirada el pasado 27 de mayo de 2022. Sin embargo, el pasado 18 de mayo, la defensa del ex Defensor del Pueblo Freddy Carri\u00f3n denunci\u00f3 a Saquicela y al conjuez Javier de la Cadena por no haber \u201ctomado las medidas necesarias para conformar un Tribunal\u201d que resuelva un recurso legal solicitado por el sentenciado. Eso habr\u00eda \u201cvulnerado la garant\u00eda de la tutela judicial efectiva\u201d y, posiblemente, provocado una negligencia judicial.<br \/>\nPor estas denuncias, la Judicatura solicito a la Corte Nacional una declaraci\u00f3n jurisdiccional previa, para iniciar un proceso disciplinario. Tras realizar el sorteo la cusa disciplinaria de Saquicela debe ser resuelta por los jueces Marco Rodr\u00edguez y Milton Vel\u00e1squez.<\/p>\n<p>&nbsp;<\/p>\n<p><em>S\u00edguenos #LDMnoticias \u00f3 #lodelmomentolojaLDM<\/em><\/p>\n","protected":false},"excerpt":{"rendered":"<p>#Ecuador | Saquicela reunido con el juez que debe resolver su causa. El d\u00eda de&#8230;<\/p>\n","protected":false},"author":1,"featured_media":9578,"comment_status":"open","ping_status":"open","sticky":false,"template":"","format":"standard","meta":{"footnotes":""},"categories":[1],"tags":[],"class_list":["post-9561","post","type-post","status-publish","format-standard","has-post-thumbnail","hentry","category-inicio"],"_links":{"self":[{"href":"https:\/\/www.lodelmomentoloja.com\/index.php?rest_route=\/wp\/v2\/posts\/9561"}],"collection":[{"href":"https:\/\/www.lodelmomentoloja.com\/index.php?rest_route=\/wp\/v2\/posts"}],"about":[{"href":"https:\/\/www.lodelmomentoloja.com\/index.php?rest_route=\/wp\/v2\/types\/post"}],"author":[{"embeddable":true,"href":"https:\/\/www.lodelmomentoloja.com\/index.php?rest_route=\/wp\/v2\/users\/1"}],"replies":[{"embeddable":true,"href":"https:\/\/www.lodelmomentoloja.com\/index.php?rest_route=%2Fwp%2Fv2%2Fcomments&post=9561"}],"version-history":[{"count":1,"href":"https:\/\/www.lodelmomentoloja.com\/index.php?rest_route=\/wp\/v2\/posts\/9561\/revisions"}],"predecessor-version":[{"id":9579,"href":"https:\/\/www.lodelmomentoloja.com\/index.php?rest_route=\/wp\/v2\/posts\/9561\/revisions\/9579"}],"wp:featuredmedia":[{"embeddable":true,"href":"https:\/\/www.lodelmomentoloja.com\/index.php?rest_route=\/wp\/v2\/media\/9578"}],"wp:attachment":[{"href":"https:\/\/www.lodelmomentoloja.com\/index.php?rest_route=%2Fwp%2Fv2%2Fmedia&parent=9561"}],"wp:term":[{"taxonomy":"category","embeddable":true,"href":"https:\/\/www.lodelmomentoloja.com\/index.php?rest_route=%2Fwp%2Fv2%2Fcategories&post=9561"},{"taxonomy":"post_tag","embeddable":true,"href":"https:\/\/www.lodelmomentoloja.com\/index.php?rest_route=%2Fwp%2Fv2%2Ftags&post=9561"}],"curies":[{"name":"wp","href":"https:\/\/api.w.org\/{rel}","templated":true}]}}