{"id":9534,"date":"2022-06-07T10:00:21","date_gmt":"2022-06-07T10:00:21","guid":{"rendered":"https:\/\/www.lodelmomentoloja.com\/?p=9534"},"modified":"2022-06-07T16:39:17","modified_gmt":"2022-06-07T16:39:17","slug":"pachakutik-eligio-en-loja-su-candidato-para-la-prefectura","status":"publish","type":"post","link":"https:\/\/www.lodelmomentoloja.com\/?p=9534","title":{"rendered":"Pachakutik eligi\u00f3 en Loja su candidato para la Prefectura"},"content":{"rendered":"<p>Luego de un proceso de elecciones a lo interno del Movimiento de Unidad Plurinacional Packakutik en la provincia de Loja, de los cuales estaban nombres como los de Kelvin Sigcho, Jorge Guevara, Jos\u00e9 Lucero y otro m\u00e1s entre sus candidatos,<strong> finalmente eligieron a Jorge Guevara y este ser\u00e1 el candidato de la lista 18 que participar\u00e1 en las elecciones del 2023 para la Prefectura de Loja.<\/strong><\/p>\n<p>Tras conocer su designaci\u00f3n, <strong>Jorge Guevara se expres\u00f3 en las redes sociales<\/strong>, manifestando agradecimiento del movimiento pol\u00edtico que acogi\u00f3 a su perfil y abriendo las puertas a todas las ideas de personas que busquen el bien para la provincia, &#8220;Con gran responsabilidad y humildad asumo este reto y agradezco la confianza del partido Pachakutik por tan grande responsabilidad y trabajar\u00e9 a la altura. la provincia necesito empleo, turismo idea nuevas y hago una llamado a las mejores mentes Lojanas a unirnos y proponer ideas ac\u00e1 si ser\u00e1n escuchas y si ganamos las ejecutaremos en bien del desarrollo&#8221; expresaba el ahora candidato.<\/p>\n<p>&nbsp;<\/p>\n<h3>\u00bfQui\u00e9n es Jorge Guevara?<\/h3>\n<p>Jorge Luis Guevara Benavides, de 35 a\u00f1os de edad, se ha desenvuelto toda su vida en el sector privado, generando diferentes ideas de negocio que han tenido una gran acogida en el cant\u00f3n y provincia de Loja, de los cuales han destacado la implementaci\u00f3n de sistemas de rastreo de veh\u00edculos (GPS Ecuador), fabricaci\u00f3n y venta de limosinas, desarrollo de aplicaciones digitales, empresas de comercializaci\u00f3n de motos y veh\u00edculos, mismos que han generado diferentes fuentes de trabajo, tanto interno como externo.<\/p>\n<p><img loading=\"lazy\" decoding=\"async\" class=\"alignnone wp-image-9544 size-large\" src=\"http:\/\/www.lodelmomentoloja.com\/wp-content\/uploads\/2022\/06\/gbtrfe3w2-1024x646.jpg\" alt=\"\" width=\"640\" height=\"404\" srcset=\"https:\/\/www.lodelmomentoloja.com\/wp-content\/uploads\/2022\/06\/gbtrfe3w2-1024x646.jpg 1024w, https:\/\/www.lodelmomentoloja.com\/wp-content\/uploads\/2022\/06\/gbtrfe3w2-300x189.jpg 300w, https:\/\/www.lodelmomentoloja.com\/wp-content\/uploads\/2022\/06\/gbtrfe3w2-768x485.jpg 768w, https:\/\/www.lodelmomentoloja.com\/wp-content\/uploads\/2022\/06\/gbtrfe3w2-640x404.jpg 640w, https:\/\/www.lodelmomentoloja.com\/wp-content\/uploads\/2022\/06\/gbtrfe3w2-1536x969.jpg 1536w, https:\/\/www.lodelmomentoloja.com\/wp-content\/uploads\/2022\/06\/gbtrfe3w2.jpg 1599w\" sizes=\"(max-width: 640px) 100vw, 640px\" \/><\/p>\n<p>Dentro de su participaci\u00f3n en el mundo pol\u00edtico, Guevara fue jefe de campa\u00f1a provincial del movimiento Pachakutik de las \u00faltimas elecciones presidenciales con la figura de Yaku P\u00e9rez y en las cuales obtuvieron el 65% de aceptaci\u00f3n en la provincia de Loja, adem\u00e1s, llevaron a Manuel Medina quien se desempe\u00f1a de asamble\u00edsta de Loja, como el m\u00e1s votado al sur del pa\u00eds.<\/p>\n<p><img loading=\"lazy\" decoding=\"async\" class=\"alignnone wp-image-9543 size-large\" src=\"http:\/\/www.lodelmomentoloja.com\/wp-content\/uploads\/2022\/06\/grfedw-1024x646.jpg\" alt=\"\" width=\"640\" height=\"404\" srcset=\"https:\/\/www.lodelmomentoloja.com\/wp-content\/uploads\/2022\/06\/grfedw-1024x646.jpg 1024w, https:\/\/www.lodelmomentoloja.com\/wp-content\/uploads\/2022\/06\/grfedw-300x189.jpg 300w, https:\/\/www.lodelmomentoloja.com\/wp-content\/uploads\/2022\/06\/grfedw-768x485.jpg 768w, https:\/\/www.lodelmomentoloja.com\/wp-content\/uploads\/2022\/06\/grfedw-640x404.jpg 640w, https:\/\/www.lodelmomentoloja.com\/wp-content\/uploads\/2022\/06\/grfedw-1536x969.jpg 1536w, https:\/\/www.lodelmomentoloja.com\/wp-content\/uploads\/2022\/06\/grfedw.jpg 1599w\" sizes=\"(max-width: 640px) 100vw, 640px\" \/><\/p>\n<p>&nbsp;<\/p>\n<p>En el sector social se destaca <strong>la actuaci\u00f3n en pico m\u00e1s alto de la pandemia, donde se realizaron actividades fumigaci\u00f3n barrial en el cant\u00f3n Loja, llegando a m\u00e1s de 53 barrios<\/strong> y todo esto, mediante gestiones con sectores privados que apoyaban esta iniciativa, grupos sociales y voluntarios, fueron parte de este proceso que a\u00fan es recordado por quienes se encontraban en cuarentena total.<\/p>\n<p><img loading=\"lazy\" decoding=\"async\" class=\"alignnone wp-image-9540 size-large\" src=\"http:\/\/www.lodelmomentoloja.com\/wp-content\/uploads\/2022\/06\/gfrdeswaq-1024x646.jpg\" alt=\"\" width=\"640\" height=\"404\" srcset=\"https:\/\/www.lodelmomentoloja.com\/wp-content\/uploads\/2022\/06\/gfrdeswaq-1024x646.jpg 1024w, https:\/\/www.lodelmomentoloja.com\/wp-content\/uploads\/2022\/06\/gfrdeswaq-300x189.jpg 300w, https:\/\/www.lodelmomentoloja.com\/wp-content\/uploads\/2022\/06\/gfrdeswaq-768x485.jpg 768w, https:\/\/www.lodelmomentoloja.com\/wp-content\/uploads\/2022\/06\/gfrdeswaq-640x404.jpg 640w, https:\/\/www.lodelmomentoloja.com\/wp-content\/uploads\/2022\/06\/gfrdeswaq-1536x969.jpg 1536w, https:\/\/www.lodelmomentoloja.com\/wp-content\/uploads\/2022\/06\/gfrdeswaq.jpg 1599w\" sizes=\"(max-width: 640px) 100vw, 640px\" \/><\/p>\n<p><em>Leer m\u00e1s #LDMnoticias \u00f3 #lodelmomentolojaLDM<\/em><\/p>\n","protected":false},"excerpt":{"rendered":"<p>Luego de un proceso de elecciones a lo interno del Movimiento de Unidad Plurinacional Packakutik&#8230;<\/p>\n","protected":false},"author":1,"featured_media":9535,"comment_status":"open","ping_status":"open","sticky":false,"template":"","format":"standard","meta":{"footnotes":""},"categories":[1],"tags":[],"class_list":["post-9534","post","type-post","status-publish","format-standard","has-post-thumbnail","hentry","category-inicio"],"_links":{"self":[{"href":"https:\/\/www.lodelmomentoloja.com\/index.php?rest_route=\/wp\/v2\/posts\/9534"}],"collection":[{"href":"https:\/\/www.lodelmomentoloja.com\/index.php?rest_route=\/wp\/v2\/posts"}],"about":[{"href":"https:\/\/www.lodelmomentoloja.com\/index.php?rest_route=\/wp\/v2\/types\/post"}],"author":[{"embeddable":true,"href":"https:\/\/www.lodelmomentoloja.com\/index.php?rest_route=\/wp\/v2\/users\/1"}],"replies":[{"embeddable":true,"href":"https:\/\/www.lodelmomentoloja.com\/index.php?rest_route=%2Fwp%2Fv2%2Fcomments&post=9534"}],"version-history":[{"count":3,"href":"https:\/\/www.lodelmomentoloja.com\/index.php?rest_route=\/wp\/v2\/posts\/9534\/revisions"}],"predecessor-version":[{"id":9545,"href":"https:\/\/www.lodelmomentoloja.com\/index.php?rest_route=\/wp\/v2\/posts\/9534\/revisions\/9545"}],"wp:featuredmedia":[{"embeddable":true,"href":"https:\/\/www.lodelmomentoloja.com\/index.php?rest_route=\/wp\/v2\/media\/9535"}],"wp:attachment":[{"href":"https:\/\/www.lodelmomentoloja.com\/index.php?rest_route=%2Fwp%2Fv2%2Fmedia&parent=9534"}],"wp:term":[{"taxonomy":"category","embeddable":true,"href":"https:\/\/www.lodelmomentoloja.com\/index.php?rest_route=%2Fwp%2Fv2%2Fcategories&post=9534"},{"taxonomy":"post_tag","embeddable":true,"href":"https:\/\/www.lodelmomentoloja.com\/index.php?rest_route=%2Fwp%2Fv2%2Ftags&post=9534"}],"curies":[{"name":"wp","href":"https:\/\/api.w.org\/{rel}","templated":true}]}}