{"id":9522,"date":"2022-06-06T12:00:16","date_gmt":"2022-06-06T12:00:16","guid":{"rendered":"https:\/\/www.lodelmomentoloja.com\/?p=9522"},"modified":"2022-06-06T17:40:12","modified_gmt":"2022-06-06T17:40:12","slug":"alfredo-samaniego-es-el-nuevo-gerente-ejecutivo-de-eerssa","status":"publish","type":"post","link":"https:\/\/www.lodelmomentoloja.com\/?p=9522","title":{"rendered":"Alfredo Samaniego es el nuevo presidente ejecutivo de EERSSA"},"content":{"rendered":"<p>#Loja | La Empresa El\u00e9ctrica Regional del Sur S. A. (EERSSA), estar\u00e1 comandada por Alfredo Samaniego Burneo como nuevo gerente ejecutivo, elegido mediante sesi\u00f3n extraordinaria de Junta General de Accionistas, desarrollada este lunes 06 de junio de 2022. Samaniego ser\u00e1 el reemplazo de Jorge Mu\u00f1oz Vizh\u00f1ay.<\/p>\n<p>&nbsp;<\/p>\n<p><strong>Su trayectoria en el sector p\u00fablico.<\/strong><\/p>\n<ul>\n<li>3 a\u00f1os 11 meses: Subsecretario Energ\u00eda Renovable y Eficiencia Energ\u00e9tica <strong>(Mayo 2011 &#8211; Mar 2015)<\/strong>.<\/li>\n<li>1 a\u00f1o 8 meses: Subsecretario de Generaci\u00f3n y Transmisi\u00f3n de Energ\u00eda <strong>(Abril 2015 &#8211; nov 2016).<\/strong><\/li>\n<li>1 a\u00f1o 3 meses: Viceministro de Electricidad y Energ\u00eda Renovable <strong>(Nov 2016 &#8211; ene 2018)<\/strong><\/li>\n<li>3 a\u00f1os 5 meses: En la Asamblea Nacional como Asesor en Comisi\u00f3n de Desarrollo Econ\u00f3mico <strong>(Ene. 2018 &#8211; may. 2021)<\/strong>, quien era presidida por Esteban Albornoz, Asamble\u00edsta de Azuay (Alianza Pa\u00eds)<\/li>\n<\/ul>\n<p>S\u00edguenos #LDMnoticias \u00f3 #lodelmomentolojaLDM<\/p>\n","protected":false},"excerpt":{"rendered":"<p>#Loja | La Empresa El\u00e9ctrica Regional del Sur S. A. (EERSSA), estar\u00e1 comandada por Alfredo&#8230;<\/p>\n","protected":false},"author":1,"featured_media":9526,"comment_status":"open","ping_status":"open","sticky":false,"template":"","format":"standard","meta":{"footnotes":""},"categories":[1],"tags":[],"class_list":["post-9522","post","type-post","status-publish","format-standard","has-post-thumbnail","hentry","category-inicio"],"_links":{"self":[{"href":"https:\/\/www.lodelmomentoloja.com\/index.php?rest_route=\/wp\/v2\/posts\/9522"}],"collection":[{"href":"https:\/\/www.lodelmomentoloja.com\/index.php?rest_route=\/wp\/v2\/posts"}],"about":[{"href":"https:\/\/www.lodelmomentoloja.com\/index.php?rest_route=\/wp\/v2\/types\/post"}],"author":[{"embeddable":true,"href":"https:\/\/www.lodelmomentoloja.com\/index.php?rest_route=\/wp\/v2\/users\/1"}],"replies":[{"embeddable":true,"href":"https:\/\/www.lodelmomentoloja.com\/index.php?rest_route=%2Fwp%2Fv2%2Fcomments&post=9522"}],"version-history":[{"count":3,"href":"https:\/\/www.lodelmomentoloja.com\/index.php?rest_route=\/wp\/v2\/posts\/9522\/revisions"}],"predecessor-version":[{"id":9527,"href":"https:\/\/www.lodelmomentoloja.com\/index.php?rest_route=\/wp\/v2\/posts\/9522\/revisions\/9527"}],"wp:featuredmedia":[{"embeddable":true,"href":"https:\/\/www.lodelmomentoloja.com\/index.php?rest_route=\/wp\/v2\/media\/9526"}],"wp:attachment":[{"href":"https:\/\/www.lodelmomentoloja.com\/index.php?rest_route=%2Fwp%2Fv2%2Fmedia&parent=9522"}],"wp:term":[{"taxonomy":"category","embeddable":true,"href":"https:\/\/www.lodelmomentoloja.com\/index.php?rest_route=%2Fwp%2Fv2%2Fcategories&post=9522"},{"taxonomy":"post_tag","embeddable":true,"href":"https:\/\/www.lodelmomentoloja.com\/index.php?rest_route=%2Fwp%2Fv2%2Ftags&post=9522"}],"curies":[{"name":"wp","href":"https:\/\/api.w.org\/{rel}","templated":true}]}}