{"id":9496,"date":"2022-06-03T04:21:42","date_gmt":"2022-06-03T04:21:42","guid":{"rendered":"https:\/\/www.lodelmomentoloja.com\/?p=9496"},"modified":"2022-06-03T21:24:02","modified_gmt":"2022-06-03T21:24:02","slug":"rafael-correa-se-pronuncia-tras-precandidaturas-de-rc5-en-loja","status":"publish","type":"post","link":"https:\/\/www.lodelmomentoloja.com\/?p=9496","title":{"rendered":"Rafael Correa se pronuncia tras precandidaturas de RC5 en Loja"},"content":{"rendered":"<p>#Loja | El expresidente Correa, tras haber sido preguntado sobre las precandidaturas de Juan Carlos Torres y Max \u00cd\u00f1iguez por RC5 en la provincia de Loja, se refiri\u00f3 que no existe nada fijo y esto cambiar\u00e1, ya que las nuevas restricciones de las electorales se conforman con el 25% candidatos j\u00f3venes y 30% candidatas mujeres.<\/p>\n<p>Para las elecciones del 2023, ser\u00e1 el mismo Rafael Correa que dar\u00e1 seguimiento a los candidatos que representar\u00e1n a la revoluci\u00f3n ciudadana.<\/p>\n<p><iframe loading=\"lazy\" title=\"Nadie es fijo como precandidato en RC5 Loja - Rafael Correa | LO DEL MOMENTO LOJA\" width=\"640\" height=\"360\" src=\"https:\/\/www.youtube.com\/embed\/KP3C1dMk0kQ?feature=oembed\" frameborder=\"0\" allow=\"accelerometer; autoplay; clipboard-write; encrypted-media; gyroscope; picture-in-picture; web-share\" referrerpolicy=\"strict-origin-when-cross-origin\" allowfullscreen><\/iframe><\/p>\n<p>www.lodelmomentoloja.com<br \/>\n#LDMnoticias #lodelmomentolojaLDM<\/p>\n","protected":false},"excerpt":{"rendered":"<p>#Loja | El expresidente Correa, tras haber sido preguntado sobre las precandidaturas de Juan Carlos&#8230;<\/p>\n","protected":false},"author":1,"featured_media":9497,"comment_status":"open","ping_status":"open","sticky":false,"template":"","format":"standard","meta":{"footnotes":""},"categories":[1],"tags":[],"class_list":["post-9496","post","type-post","status-publish","format-standard","has-post-thumbnail","hentry","category-inicio"],"_links":{"self":[{"href":"https:\/\/www.lodelmomentoloja.com\/index.php?rest_route=\/wp\/v2\/posts\/9496"}],"collection":[{"href":"https:\/\/www.lodelmomentoloja.com\/index.php?rest_route=\/wp\/v2\/posts"}],"about":[{"href":"https:\/\/www.lodelmomentoloja.com\/index.php?rest_route=\/wp\/v2\/types\/post"}],"author":[{"embeddable":true,"href":"https:\/\/www.lodelmomentoloja.com\/index.php?rest_route=\/wp\/v2\/users\/1"}],"replies":[{"embeddable":true,"href":"https:\/\/www.lodelmomentoloja.com\/index.php?rest_route=%2Fwp%2Fv2%2Fcomments&post=9496"}],"version-history":[{"count":1,"href":"https:\/\/www.lodelmomentoloja.com\/index.php?rest_route=\/wp\/v2\/posts\/9496\/revisions"}],"predecessor-version":[{"id":9498,"href":"https:\/\/www.lodelmomentoloja.com\/index.php?rest_route=\/wp\/v2\/posts\/9496\/revisions\/9498"}],"wp:featuredmedia":[{"embeddable":true,"href":"https:\/\/www.lodelmomentoloja.com\/index.php?rest_route=\/wp\/v2\/media\/9497"}],"wp:attachment":[{"href":"https:\/\/www.lodelmomentoloja.com\/index.php?rest_route=%2Fwp%2Fv2%2Fmedia&parent=9496"}],"wp:term":[{"taxonomy":"category","embeddable":true,"href":"https:\/\/www.lodelmomentoloja.com\/index.php?rest_route=%2Fwp%2Fv2%2Fcategories&post=9496"},{"taxonomy":"post_tag","embeddable":true,"href":"https:\/\/www.lodelmomentoloja.com\/index.php?rest_route=%2Fwp%2Fv2%2Ftags&post=9496"}],"curies":[{"name":"wp","href":"https:\/\/api.w.org\/{rel}","templated":true}]}}