{"id":9484,"date":"2022-06-03T09:00:13","date_gmt":"2022-06-03T09:00:13","guid":{"rendered":"https:\/\/www.lodelmomentoloja.com\/?p=9484"},"modified":"2022-06-03T14:07:23","modified_gmt":"2022-06-03T14:07:23","slug":"sancion-economica-por-portar-armas-blancas-en-quito","status":"publish","type":"post","link":"https:\/\/www.lodelmomentoloja.com\/?p=9484","title":{"rendered":"Sanci\u00f3n econ\u00f3mica por portar armas blancas en Quito"},"content":{"rendered":"<p>#UIO | En Quito portar\u00a0<strong>armas blancas\u00a0<\/strong>se sancionar\u00e1 con una multa econ\u00f3mica.<\/p>\n<p><strong>El Concejo Metropolitano<\/strong> tras segundo debate, decidi\u00f3 sobre dicha sanci\u00f3n con 17 votos a favor, uno en contra, tres abstenciones y una inasistencia.<\/p>\n<p>El concejal\u00a0<strong>Bernardo Abad<\/strong> explic\u00f3 que la multa por portar armas blancas en el espacio p\u00fablico es de la mitad de un salario b\u00e1sico, es decir USD 212,50. Adem\u00e1s se le confiscar\u00e1 el arma. En cambio si una persona porta el arma blanca en espacios tur\u00edsticos, parques metropolitanos y el transporte p\u00fablico ser\u00e1 multada con un salario b\u00e1sico, es decir USD 425.<\/p>\n<p>Por su parte, el concejal Eduardo del Pozo explic\u00f3 que la aprobaci\u00f3n de esta Ordenanza se debe a que al menos el 80% de delitos en Quito se cometen con el uso de arma blanca. Por ello esta nueva normativa permitir\u00e1 intensificar los operativos y decomisar estos objetos.<\/p>\n<p>Fuente: El Comercio<\/p>\n<p>www.lodelmomentoloja.com<\/p>\n<p>#LDMnoticias #lodelmomentolojaLDM<\/p>\n","protected":false},"excerpt":{"rendered":"<p>#UIO | En Quito portar\u00a0armas blancas\u00a0se sancionar\u00e1 con una multa econ\u00f3mica. El Concejo Metropolitano tras&#8230;<\/p>\n","protected":false},"author":1,"featured_media":9485,"comment_status":"open","ping_status":"open","sticky":false,"template":"","format":"standard","meta":{"footnotes":""},"categories":[1],"tags":[],"class_list":["post-9484","post","type-post","status-publish","format-standard","has-post-thumbnail","hentry","category-inicio"],"_links":{"self":[{"href":"https:\/\/www.lodelmomentoloja.com\/index.php?rest_route=\/wp\/v2\/posts\/9484"}],"collection":[{"href":"https:\/\/www.lodelmomentoloja.com\/index.php?rest_route=\/wp\/v2\/posts"}],"about":[{"href":"https:\/\/www.lodelmomentoloja.com\/index.php?rest_route=\/wp\/v2\/types\/post"}],"author":[{"embeddable":true,"href":"https:\/\/www.lodelmomentoloja.com\/index.php?rest_route=\/wp\/v2\/users\/1"}],"replies":[{"embeddable":true,"href":"https:\/\/www.lodelmomentoloja.com\/index.php?rest_route=%2Fwp%2Fv2%2Fcomments&post=9484"}],"version-history":[{"count":1,"href":"https:\/\/www.lodelmomentoloja.com\/index.php?rest_route=\/wp\/v2\/posts\/9484\/revisions"}],"predecessor-version":[{"id":9486,"href":"https:\/\/www.lodelmomentoloja.com\/index.php?rest_route=\/wp\/v2\/posts\/9484\/revisions\/9486"}],"wp:featuredmedia":[{"embeddable":true,"href":"https:\/\/www.lodelmomentoloja.com\/index.php?rest_route=\/wp\/v2\/media\/9485"}],"wp:attachment":[{"href":"https:\/\/www.lodelmomentoloja.com\/index.php?rest_route=%2Fwp%2Fv2%2Fmedia&parent=9484"}],"wp:term":[{"taxonomy":"category","embeddable":true,"href":"https:\/\/www.lodelmomentoloja.com\/index.php?rest_route=%2Fwp%2Fv2%2Fcategories&post=9484"},{"taxonomy":"post_tag","embeddable":true,"href":"https:\/\/www.lodelmomentoloja.com\/index.php?rest_route=%2Fwp%2Fv2%2Ftags&post=9484"}],"curies":[{"name":"wp","href":"https:\/\/api.w.org\/{rel}","templated":true}]}}