{"id":9473,"date":"2022-06-02T11:22:04","date_gmt":"2022-06-02T11:22:04","guid":{"rendered":"https:\/\/www.lodelmomentoloja.com\/?p=9473"},"modified":"2022-06-02T16:32:44","modified_gmt":"2022-06-02T16:32:44","slug":"alerta-emilia-en-guayaquil","status":"publish","type":"post","link":"https:\/\/www.lodelmomentoloja.com\/?p=9473","title":{"rendered":"Alerta Emilia en Guayaquil"},"content":{"rendered":"<p dir=\"ltr\">#Nacional | Activan Alerta Emilia.<\/p>\n<p dir=\"ltr\">La ma\u00f1ana de este jueves se activ\u00f3 el protocolo de b\u00fasqueda de menores. La Fiscal\u00eda y la Polic\u00eda de Menores (Dinapen) publicaron en su cuenta una fotograf\u00eda de Santiago Jos\u00e9 Gim\u00e9nez Vel\u00e1zquez y una cartilla donde se indica que al momento de su desaparici\u00f3n el ni\u00f1o usaba una camiseta azul y un pantal\u00f3n negro.<\/p>\n<p dir=\"ltr\">El menor de 7 a\u00f1os tiene pelo negro y ojos caf\u00e9 y mide 1,1 metros. En caso de tener informaci\u00f3n de Santiago, comun\u00edquese al 1800 335486 o al 911. (I)<\/p>\n<p dir=\"ltr\">Santiago quien desapareci\u00f3 la tarde del mi\u00e9rcoles 1 de junio en el mercado de Sauces 9. Santiago acompa\u00f1aba a su madre que es vendedora ambulante.<\/p>\n<p dir=\"ltr\">www.lodelmomentoloja.com<br \/>\n#LDMnoticias #lodelmomentolojaLDM<\/p>\n","protected":false},"excerpt":{"rendered":"<p>#Nacional | Activan Alerta Emilia. La ma\u00f1ana de este jueves se activ\u00f3 el protocolo de&#8230;<\/p>\n","protected":false},"author":1,"featured_media":9474,"comment_status":"open","ping_status":"open","sticky":false,"template":"","format":"standard","meta":{"footnotes":""},"categories":[1],"tags":[],"class_list":["post-9473","post","type-post","status-publish","format-standard","has-post-thumbnail","hentry","category-inicio"],"_links":{"self":[{"href":"https:\/\/www.lodelmomentoloja.com\/index.php?rest_route=\/wp\/v2\/posts\/9473"}],"collection":[{"href":"https:\/\/www.lodelmomentoloja.com\/index.php?rest_route=\/wp\/v2\/posts"}],"about":[{"href":"https:\/\/www.lodelmomentoloja.com\/index.php?rest_route=\/wp\/v2\/types\/post"}],"author":[{"embeddable":true,"href":"https:\/\/www.lodelmomentoloja.com\/index.php?rest_route=\/wp\/v2\/users\/1"}],"replies":[{"embeddable":true,"href":"https:\/\/www.lodelmomentoloja.com\/index.php?rest_route=%2Fwp%2Fv2%2Fcomments&post=9473"}],"version-history":[{"count":1,"href":"https:\/\/www.lodelmomentoloja.com\/index.php?rest_route=\/wp\/v2\/posts\/9473\/revisions"}],"predecessor-version":[{"id":9475,"href":"https:\/\/www.lodelmomentoloja.com\/index.php?rest_route=\/wp\/v2\/posts\/9473\/revisions\/9475"}],"wp:featuredmedia":[{"embeddable":true,"href":"https:\/\/www.lodelmomentoloja.com\/index.php?rest_route=\/wp\/v2\/media\/9474"}],"wp:attachment":[{"href":"https:\/\/www.lodelmomentoloja.com\/index.php?rest_route=%2Fwp%2Fv2%2Fmedia&parent=9473"}],"wp:term":[{"taxonomy":"category","embeddable":true,"href":"https:\/\/www.lodelmomentoloja.com\/index.php?rest_route=%2Fwp%2Fv2%2Fcategories&post=9473"},{"taxonomy":"post_tag","embeddable":true,"href":"https:\/\/www.lodelmomentoloja.com\/index.php?rest_route=%2Fwp%2Fv2%2Ftags&post=9473"}],"curies":[{"name":"wp","href":"https:\/\/api.w.org\/{rel}","templated":true}]}}