{"id":9470,"date":"2022-06-02T08:43:40","date_gmt":"2022-06-02T08:43:40","guid":{"rendered":"https:\/\/www.lodelmomentoloja.com\/?p=9470"},"modified":"2022-06-02T13:49:04","modified_gmt":"2022-06-02T13:49:04","slug":"medicos-de-ecuador-se-movilizaran-por-problemas-en-el-sistema-sanitario","status":"publish","type":"post","link":"https:\/\/www.lodelmomentoloja.com\/?p=9470","title":{"rendered":"M\u00e9dicos de Ecuador se movilizar\u00e1n por problemas en el sistema sanitario"},"content":{"rendered":"<p>Los m\u00e9dicos se movilizar\u00e1n.<\/p>\n<p>15 d\u00edas es el plazo que la <strong>Federaci\u00f3n M\u00e9dica Ecuatoriana<\/strong>\u00a0(FME) y gremios de\u00a0<strong>colegios m\u00e9dicos<\/strong>\u00a0del pa\u00eds dieron al\u00a0<strong>Ministerio de Salud P\u00fablica<\/strong>\u00a0(MSP) para corregir problemas que se han evidenciado en el\u00a0<strong>sistema sanitario\u00a0<\/strong>como la falta de medicamentos, insumos y dispositivos.<\/p>\n<p>Wilson Tenorio, presidente de la FME, se\u00f1al\u00f3 que tras la reuni\u00f3n que mantuvieron el 30 de mayo del 2022 con la ministra de Salud, Ximena Garz\u00f3n, se declararon en\u00a0<strong>sesi\u00f3n permanente<\/strong>\u00a0para vigilar que los compromisos adquiridos se cumplan.<\/p>\n<p>El galeno explic\u00f3 que cada <strong>representante provincial<\/strong>\u00a0de los distintos colegios m\u00e9dicos estar\u00e1 vigilante y tiene todas las facultades para ingresar a las unidades hospitalarias e informar directamente a la Ministra de Salud, sobre la situaci\u00f3n que se vive, las falencias e insatisfacciones de parte de pacientes como del personal sanitario.<\/p>\n<p>Tenorio reiter\u00f3 que est\u00e1n a la expectativa de que los planteamientos abordados se hagan realidad en un plazo de 15 d\u00edas, de lo contrario, se mantendr\u00e1 una nueva reuni\u00f3n para analizar otras\u00a0<strong>medidas<\/strong>.<\/p>\n<p>El representante no descart\u00f3 una m<strong>ovilizaci\u00f3n\u00a0<\/strong>de la que participar\u00e1n no solo la FME y los colegios m\u00e9dicos, sino otros\u00a0<strong>colectivos sociales<\/strong>.<\/p>\n<p>Fuente: EL Comercio<\/p>\n<p>www.lodelmomentoloja.com<\/p>\n<p>#LDMnoticias #lodelmomentolojaLDM<\/p>\n","protected":false},"excerpt":{"rendered":"<p>Los m\u00e9dicos se movilizar\u00e1n. 15 d\u00edas es el plazo que la Federaci\u00f3n M\u00e9dica Ecuatoriana\u00a0(FME) y&#8230;<\/p>\n","protected":false},"author":1,"featured_media":9471,"comment_status":"open","ping_status":"open","sticky":false,"template":"","format":"standard","meta":{"footnotes":""},"categories":[1],"tags":[],"class_list":["post-9470","post","type-post","status-publish","format-standard","has-post-thumbnail","hentry","category-inicio"],"_links":{"self":[{"href":"https:\/\/www.lodelmomentoloja.com\/index.php?rest_route=\/wp\/v2\/posts\/9470"}],"collection":[{"href":"https:\/\/www.lodelmomentoloja.com\/index.php?rest_route=\/wp\/v2\/posts"}],"about":[{"href":"https:\/\/www.lodelmomentoloja.com\/index.php?rest_route=\/wp\/v2\/types\/post"}],"author":[{"embeddable":true,"href":"https:\/\/www.lodelmomentoloja.com\/index.php?rest_route=\/wp\/v2\/users\/1"}],"replies":[{"embeddable":true,"href":"https:\/\/www.lodelmomentoloja.com\/index.php?rest_route=%2Fwp%2Fv2%2Fcomments&post=9470"}],"version-history":[{"count":1,"href":"https:\/\/www.lodelmomentoloja.com\/index.php?rest_route=\/wp\/v2\/posts\/9470\/revisions"}],"predecessor-version":[{"id":9472,"href":"https:\/\/www.lodelmomentoloja.com\/index.php?rest_route=\/wp\/v2\/posts\/9470\/revisions\/9472"}],"wp:featuredmedia":[{"embeddable":true,"href":"https:\/\/www.lodelmomentoloja.com\/index.php?rest_route=\/wp\/v2\/media\/9471"}],"wp:attachment":[{"href":"https:\/\/www.lodelmomentoloja.com\/index.php?rest_route=%2Fwp%2Fv2%2Fmedia&parent=9470"}],"wp:term":[{"taxonomy":"category","embeddable":true,"href":"https:\/\/www.lodelmomentoloja.com\/index.php?rest_route=%2Fwp%2Fv2%2Fcategories&post=9470"},{"taxonomy":"post_tag","embeddable":true,"href":"https:\/\/www.lodelmomentoloja.com\/index.php?rest_route=%2Fwp%2Fv2%2Ftags&post=9470"}],"curies":[{"name":"wp","href":"https:\/\/api.w.org\/{rel}","templated":true}]}}