{"id":9444,"date":"2022-05-31T10:07:34","date_gmt":"2022-05-31T10:07:34","guid":{"rendered":"https:\/\/www.lodelmomentoloja.com\/?p=9444"},"modified":"2022-05-31T15:10:45","modified_gmt":"2022-05-31T15:10:45","slug":"especialistas-alertan-sobre-un-posible-rebrote-de-covid-19-en-ecuador","status":"publish","type":"post","link":"https:\/\/www.lodelmomentoloja.com\/?p=9444","title":{"rendered":"Especialistas alertan sobre un posible rebrote de COVID-19 en Ecuador"},"content":{"rendered":"<p>#Ecuador | Un repunte del coronavirus tendr\u00eda como causa la combinaci\u00f3n de dos factores: el bajo ritmo de la vacunaci\u00f3n y la reducci\u00f3n de las medidas de bioseguridad. En Ecuador se cumplen ambos. Lo sostienen tres especialistas, que coinciden, adem\u00e1s, en alertar sobre un posible rebrote para el pr\u00f3ximo octubre, si las cosas siguen as\u00ed.<\/p>\n<p>La explicaci\u00f3n es sencilla. El epidemi\u00f3logo Alberto Narv\u00e1ez sostiene que el rebrote se dar\u00eda porque \u201cla mayor\u00eda de personas vacunadas con segunda y tercera dosis habr\u00e1n superado los cuatro o seis meses de inmunidad\u201d. La probabilidad de contagio y agravamiento reaparece con la inmunidad disminuida.<\/p>\n<p>Con esto concuerda el microbi\u00f3logo Pa\u00fal C\u00e1rdenas, investigador de la Universidad San Francisco de Quito, pues precisa que, debido a las estimaciones y predicciones del comportamiento del virus, es posible un aumento de casos para ese mes.<\/p>\n<p>Fuente: El Universo<\/p>\n<p>www.lodelmomentoloja.com<\/p>\n<p>#LDMnoticias #lodelmomentolojaLDM<\/p>\n","protected":false},"excerpt":{"rendered":"<p>#Ecuador | Un repunte del coronavirus tendr\u00eda como causa la combinaci\u00f3n de dos factores: el&#8230;<\/p>\n","protected":false},"author":1,"featured_media":9445,"comment_status":"open","ping_status":"open","sticky":false,"template":"","format":"standard","meta":{"footnotes":""},"categories":[7],"tags":[],"class_list":["post-9444","post","type-post","status-publish","format-standard","has-post-thumbnail","hentry","category-ecuador"],"_links":{"self":[{"href":"https:\/\/www.lodelmomentoloja.com\/index.php?rest_route=\/wp\/v2\/posts\/9444"}],"collection":[{"href":"https:\/\/www.lodelmomentoloja.com\/index.php?rest_route=\/wp\/v2\/posts"}],"about":[{"href":"https:\/\/www.lodelmomentoloja.com\/index.php?rest_route=\/wp\/v2\/types\/post"}],"author":[{"embeddable":true,"href":"https:\/\/www.lodelmomentoloja.com\/index.php?rest_route=\/wp\/v2\/users\/1"}],"replies":[{"embeddable":true,"href":"https:\/\/www.lodelmomentoloja.com\/index.php?rest_route=%2Fwp%2Fv2%2Fcomments&post=9444"}],"version-history":[{"count":1,"href":"https:\/\/www.lodelmomentoloja.com\/index.php?rest_route=\/wp\/v2\/posts\/9444\/revisions"}],"predecessor-version":[{"id":9446,"href":"https:\/\/www.lodelmomentoloja.com\/index.php?rest_route=\/wp\/v2\/posts\/9444\/revisions\/9446"}],"wp:featuredmedia":[{"embeddable":true,"href":"https:\/\/www.lodelmomentoloja.com\/index.php?rest_route=\/wp\/v2\/media\/9445"}],"wp:attachment":[{"href":"https:\/\/www.lodelmomentoloja.com\/index.php?rest_route=%2Fwp%2Fv2%2Fmedia&parent=9444"}],"wp:term":[{"taxonomy":"category","embeddable":true,"href":"https:\/\/www.lodelmomentoloja.com\/index.php?rest_route=%2Fwp%2Fv2%2Fcategories&post=9444"},{"taxonomy":"post_tag","embeddable":true,"href":"https:\/\/www.lodelmomentoloja.com\/index.php?rest_route=%2Fwp%2Fv2%2Ftags&post=9444"}],"curies":[{"name":"wp","href":"https:\/\/api.w.org\/{rel}","templated":true}]}}