{"id":9399,"date":"2022-05-27T13:53:38","date_gmt":"2022-05-27T13:53:38","guid":{"rendered":"https:\/\/www.lodelmomentoloja.com\/?p=9399"},"modified":"2022-05-27T18:59:12","modified_gmt":"2022-05-27T18:59:12","slug":"moosible-primer-registro-de-viruela-del-mono-en-ecuador","status":"publish","type":"post","link":"https:\/\/www.lodelmomentoloja.com\/?p=9399","title":{"rendered":"Posible primer registro de viruela del mono en Ecuador"},"content":{"rendered":"<p>Ministerio de Salud P\u00fablica (MSP) informa que tras activar la alerta epidemiol\u00f3gica\u00a0 en el pa\u00eds y las recomendaciones de la Organizaci\u00f3n Mundial de la Salud (OMS) ha detectado el primer caso sospechoso de viruela del mono, en Quito.<\/p>\n<p>Se trata de un paciente masculino que viaj\u00f3 a \u00c1frica \u2013no tendr\u00eda v\u00ednculo con el brote registrado en Europa-. \u00c9l present\u00f3 sintomatolog\u00eda relacionada con la enfermedad, como fiebre y lesiones en la piel.<\/p>\n<p>La cartera de Estado activ\u00f3 la vigilancia epidemiol\u00f3gica para la persona y sus contactos cercanos, por lo que actualmente permanece en aislamiento.<\/p>\n<p>El Instituto Nacional de Investigaci\u00f3n en Salud P\u00fablica (INSPI) tom\u00f3 las muestras del paciente, con las que se realizar\u00e1n las acciones respectivas para confirmar o descartar la viruela del mono. Los resultados estar\u00e1n listos la pr\u00f3xima semana.<\/p>\n<p>www.lodelmomentoloja.com<\/p>\n<p>#LDMnoticias #lodelmomentolojaLDM<\/p>\n","protected":false},"excerpt":{"rendered":"<p>Ministerio de Salud P\u00fablica (MSP) informa que tras activar la alerta epidemiol\u00f3gica\u00a0 en el pa\u00eds&#8230;<\/p>\n","protected":false},"author":1,"featured_media":9400,"comment_status":"open","ping_status":"open","sticky":false,"template":"","format":"standard","meta":{"footnotes":""},"categories":[7],"tags":[],"class_list":["post-9399","post","type-post","status-publish","format-standard","has-post-thumbnail","hentry","category-ecuador"],"_links":{"self":[{"href":"https:\/\/www.lodelmomentoloja.com\/index.php?rest_route=\/wp\/v2\/posts\/9399"}],"collection":[{"href":"https:\/\/www.lodelmomentoloja.com\/index.php?rest_route=\/wp\/v2\/posts"}],"about":[{"href":"https:\/\/www.lodelmomentoloja.com\/index.php?rest_route=\/wp\/v2\/types\/post"}],"author":[{"embeddable":true,"href":"https:\/\/www.lodelmomentoloja.com\/index.php?rest_route=\/wp\/v2\/users\/1"}],"replies":[{"embeddable":true,"href":"https:\/\/www.lodelmomentoloja.com\/index.php?rest_route=%2Fwp%2Fv2%2Fcomments&post=9399"}],"version-history":[{"count":2,"href":"https:\/\/www.lodelmomentoloja.com\/index.php?rest_route=\/wp\/v2\/posts\/9399\/revisions"}],"predecessor-version":[{"id":9402,"href":"https:\/\/www.lodelmomentoloja.com\/index.php?rest_route=\/wp\/v2\/posts\/9399\/revisions\/9402"}],"wp:featuredmedia":[{"embeddable":true,"href":"https:\/\/www.lodelmomentoloja.com\/index.php?rest_route=\/wp\/v2\/media\/9400"}],"wp:attachment":[{"href":"https:\/\/www.lodelmomentoloja.com\/index.php?rest_route=%2Fwp%2Fv2%2Fmedia&parent=9399"}],"wp:term":[{"taxonomy":"category","embeddable":true,"href":"https:\/\/www.lodelmomentoloja.com\/index.php?rest_route=%2Fwp%2Fv2%2Fcategories&post=9399"},{"taxonomy":"post_tag","embeddable":true,"href":"https:\/\/www.lodelmomentoloja.com\/index.php?rest_route=%2Fwp%2Fv2%2Ftags&post=9399"}],"curies":[{"name":"wp","href":"https:\/\/api.w.org\/{rel}","templated":true}]}}