{"id":9382,"date":"2022-05-26T11:30:16","date_gmt":"2022-05-26T11:30:16","guid":{"rendered":"https:\/\/www.lodelmomentoloja.com\/?p=9382"},"modified":"2022-05-26T17:14:20","modified_gmt":"2022-05-26T17:14:20","slug":"pachakutik-ha-descartado-de-sus-precandidatos-a-jeannine-cruz","status":"publish","type":"post","link":"https:\/\/www.lodelmomentoloja.com\/?p=9382","title":{"rendered":"Pachakutik ha descartado de sus precandidatos a Jeannine Cruz"},"content":{"rendered":"<p>Desde el movimiento Pachakutik (PK) de la provincia de Loja, Lourdes Jap\u00f3n en calidad de Coordinadora provincial del partido pol\u00edtico, manifest\u00f3 que se ha mantenido varios actores pol\u00edticos que formar\u00e1n o podr\u00edan formar parte de las precandidaturas en visi\u00f3n de las elecciones seccionales del 2023, en este contexto la dignidad de la candidatura de Prefectura y Viceprefectura de Loja, anunciar\u00e1n en los pr\u00f3ximos d\u00edas a sus representantes de manera oficial, sin embargo, a\u00fan no hay nada firme.<\/p>\n<p>Los <strong>perfiles que est\u00e1n considerados como precandidatos a la Prefectura por PK<\/strong>, son:<\/p>\n<ul>\n<li><strong>Jorge Guevara<\/strong>, un ciudadano joven que se desenvuelve en temas de emprendimiento.<\/li>\n<li><strong>Jos\u00e9 Lucero<\/strong>, ejerce periodismo y fue candidato por otros movimientos pol\u00edticos.<\/li>\n<li><strong>Kelvin Sigcho<\/strong>, creador de la reconocida empresa &#8220;La Sure\u00f1ita&#8221; que distribuye sus productos (horchatas y bebidas de hierbas) en todo el Ecuador<\/li>\n<li><strong>Dar\u00edo Loja<\/strong>, actual concejal es otro de los perfiles que se encuentran considerados.<\/li>\n<\/ul>\n<p>En semanas anteriores, el <strong>nombre de la exasamble\u00edsta Jeannine Cruz<\/strong> fue una figura que tom\u00f3 eco para salir entre sus posibles precandidatos pero<strong> fue descartado de forma rajante<\/strong>, as\u00ed lo manifest\u00f3 la misma coordinadora provincial de PK en Loja, &#8220;A nivel de la organizaci\u00f3n y bajo consejos pol\u00edticos hemos discutido su tema pero se ha descartado totalmente esa posibilidad&#8221;.<\/p>\n<p>Los di\u00e1logos siguen fluyendo, entre estos est\u00e1n con su similar Izquierda Democr\u00e1tica, adem\u00e1s hacen el llamado a la unidad para ver una propuesta sustentable y sostenible que beneficie todos los sectores, aduciendo que la lucha por la provincia es la prioridad en los objetivos Movimiento de Unidad Plurinacional Pachakutik.<\/p>\n<p>&nbsp;<\/p>\n<p>S\u00edguenos #LDMnoticias \u00f3 #lodelmomentolojaLDM<\/p>\n","protected":false},"excerpt":{"rendered":"<p>Desde el movimiento Pachakutik (PK) de la provincia de Loja, Lourdes Jap\u00f3n en calidad de&#8230;<\/p>\n","protected":false},"author":1,"featured_media":9389,"comment_status":"open","ping_status":"open","sticky":false,"template":"","format":"standard","meta":{"footnotes":""},"categories":[1,5],"tags":[],"class_list":["post-9382","post","type-post","status-publish","format-standard","has-post-thumbnail","hentry","category-inicio","category-loja"],"_links":{"self":[{"href":"https:\/\/www.lodelmomentoloja.com\/index.php?rest_route=\/wp\/v2\/posts\/9382"}],"collection":[{"href":"https:\/\/www.lodelmomentoloja.com\/index.php?rest_route=\/wp\/v2\/posts"}],"about":[{"href":"https:\/\/www.lodelmomentoloja.com\/index.php?rest_route=\/wp\/v2\/types\/post"}],"author":[{"embeddable":true,"href":"https:\/\/www.lodelmomentoloja.com\/index.php?rest_route=\/wp\/v2\/users\/1"}],"replies":[{"embeddable":true,"href":"https:\/\/www.lodelmomentoloja.com\/index.php?rest_route=%2Fwp%2Fv2%2Fcomments&post=9382"}],"version-history":[{"count":1,"href":"https:\/\/www.lodelmomentoloja.com\/index.php?rest_route=\/wp\/v2\/posts\/9382\/revisions"}],"predecessor-version":[{"id":9390,"href":"https:\/\/www.lodelmomentoloja.com\/index.php?rest_route=\/wp\/v2\/posts\/9382\/revisions\/9390"}],"wp:featuredmedia":[{"embeddable":true,"href":"https:\/\/www.lodelmomentoloja.com\/index.php?rest_route=\/wp\/v2\/media\/9389"}],"wp:attachment":[{"href":"https:\/\/www.lodelmomentoloja.com\/index.php?rest_route=%2Fwp%2Fv2%2Fmedia&parent=9382"}],"wp:term":[{"taxonomy":"category","embeddable":true,"href":"https:\/\/www.lodelmomentoloja.com\/index.php?rest_route=%2Fwp%2Fv2%2Fcategories&post=9382"},{"taxonomy":"post_tag","embeddable":true,"href":"https:\/\/www.lodelmomentoloja.com\/index.php?rest_route=%2Fwp%2Fv2%2Ftags&post=9382"}],"curies":[{"name":"wp","href":"https:\/\/api.w.org\/{rel}","templated":true}]}}