{"id":935,"date":"2020-11-27T09:09:38","date_gmt":"2020-11-27T09:09:38","guid":{"rendered":"http:\/\/www.lodelmomentoloja.com\/?p=935"},"modified":"2020-11-27T14:12:48","modified_gmt":"2020-11-27T14:12:48","slug":"posible-reapertura-de-paso-fronterizo-ecuador-colombia","status":"publish","type":"post","link":"https:\/\/www.lodelmomentoloja.com\/?p=935","title":{"rendered":"Posible reapertura de paso fronterizo Ecuador &#8211; Colombia."},"content":{"rendered":"\n<p>#Nacional | Posible reapertura de paso fronterizo para los primeros meses de 2021.<\/p>\n\n\n\n<p><br>En un encuentro presidencial entre Ecuador y Colombia, donde participaron los mandatarios, Len\u00edn Moreno e Iv\u00e1n Duque, se habl\u00f3 sobre una reapertura progresiva de la frontera de Rumichaca, que une ambos pa\u00edses y que, al momento, se encuentra cerrada, debido a la pandemia del coronavirus.<br><\/p>\n\n\n\n<p>En la sesi\u00f3n que se desarroll\u00f3 de manera virtual, este jueves 26 de noviembre, los presidentes abordaron temas de conectividad, producci\u00f3n, seguridad fronteriza, as\u00ed como la asistencia m\u00e9dica en este zona lim\u00edtrofe.<\/p>\n\n\n\n<p><br>Sobre una posible reapertura del paso fronterizo de Rumichaca, el mandatario ecuatoriano indic\u00f3 que depende de la situaci\u00f3n sanitaria que atraviese el pa\u00eds en los pr\u00f3ximos meses, la frontera podr\u00eda reabrirse en los primeros meses del 2021.<\/p>\n","protected":false},"excerpt":{"rendered":"<p>#Nacional | Posible reapertura de paso fronterizo para los primeros meses de 2021. En un&#8230;<\/p>\n","protected":false},"author":1,"featured_media":936,"comment_status":"open","ping_status":"open","sticky":false,"template":"","format":"standard","meta":{"footnotes":""},"categories":[1],"tags":[],"class_list":["post-935","post","type-post","status-publish","format-standard","has-post-thumbnail","hentry","category-inicio"],"_links":{"self":[{"href":"https:\/\/www.lodelmomentoloja.com\/index.php?rest_route=\/wp\/v2\/posts\/935"}],"collection":[{"href":"https:\/\/www.lodelmomentoloja.com\/index.php?rest_route=\/wp\/v2\/posts"}],"about":[{"href":"https:\/\/www.lodelmomentoloja.com\/index.php?rest_route=\/wp\/v2\/types\/post"}],"author":[{"embeddable":true,"href":"https:\/\/www.lodelmomentoloja.com\/index.php?rest_route=\/wp\/v2\/users\/1"}],"replies":[{"embeddable":true,"href":"https:\/\/www.lodelmomentoloja.com\/index.php?rest_route=%2Fwp%2Fv2%2Fcomments&post=935"}],"version-history":[{"count":1,"href":"https:\/\/www.lodelmomentoloja.com\/index.php?rest_route=\/wp\/v2\/posts\/935\/revisions"}],"predecessor-version":[{"id":937,"href":"https:\/\/www.lodelmomentoloja.com\/index.php?rest_route=\/wp\/v2\/posts\/935\/revisions\/937"}],"wp:featuredmedia":[{"embeddable":true,"href":"https:\/\/www.lodelmomentoloja.com\/index.php?rest_route=\/wp\/v2\/media\/936"}],"wp:attachment":[{"href":"https:\/\/www.lodelmomentoloja.com\/index.php?rest_route=%2Fwp%2Fv2%2Fmedia&parent=935"}],"wp:term":[{"taxonomy":"category","embeddable":true,"href":"https:\/\/www.lodelmomentoloja.com\/index.php?rest_route=%2Fwp%2Fv2%2Fcategories&post=935"},{"taxonomy":"post_tag","embeddable":true,"href":"https:\/\/www.lodelmomentoloja.com\/index.php?rest_route=%2Fwp%2Fv2%2Ftags&post=935"}],"curies":[{"name":"wp","href":"https:\/\/api.w.org\/{rel}","templated":true}]}}