{"id":9333,"date":"2022-05-24T08:37:07","date_gmt":"2022-05-24T08:37:07","guid":{"rendered":"https:\/\/www.lodelmomentoloja.com\/?p=9333"},"modified":"2022-05-24T13:47:56","modified_gmt":"2022-05-24T13:47:56","slug":"200-anos-de-la-batalla-de-pichincha","status":"publish","type":"post","link":"https:\/\/www.lodelmomentoloja.com\/?p=9333","title":{"rendered":"200 a\u00f1os de la Batalla de Pichincha"},"content":{"rendered":"<p>Este 24 de mayo Ecuador conmemora\u00a0<b>el Bicentenario de la Batalla de Pichincha<\/b>, uno de los hechos hist\u00f3ricos m\u00e1s importantes no solo para el pa\u00eds, sino para la regi\u00f3n e incluso el continente.<\/p>\n<p>\u00bfPor qu\u00e9? Porque fue precisamente esta batalla la que <b>termin\u00f3 de liberar a Quito del colonialismo y dio paso, adem\u00e1s, a la conformaci\u00f3n de la Gran Colombia, el gran sue\u00f1o del libertador Sim\u00f3n Bol\u00edvar.<\/b><\/p>\n<h3>C\u00d3MO OCURRI\u00d3<\/h3>\n<p class=\"body-paragraph \">Tras librar decenas de batallas, el 23 de mayo de 1822,\u00a0<b>el mariscal Antonio Jos\u00e9 de Sucre<\/b>\u00a0(mano derecha de Bol\u00edvar)\u00a0<b>inici\u00f3 su entrada a Quito<\/b>\u00a0por el sur, con la idea de atravesarla y llegar hasta norte de la ciudad para desde all\u00ed\u00a0<b>sorprender al ej\u00e9rcito realista<\/b>\u00a0que estaba comandado por Melchor Aymerich, presidente de la Real Audiencia de Quito. Pero\u00a0<b>Sucre no contaba con las condiciones tan monta\u00f1osas de Quito<\/b>\u00a0y cuando amaneci\u00f3 se dio cuenta de que apenas estaba a mitad de camino.<\/p>\n<p class=\"body-paragraph \"><b>El d\u00eda sorprendi\u00f3 al ej\u00e9rcito patriota en las laderas del volc\u00e1n Pichincha<\/b>, ubicado al occidente de la ciudad, desde donde las tropas realistas advirtieron su presencia y dieron as\u00ed inicio a un combate para el que ninguno de los bandos estaba preparado en ese momento. Sin embargo,\u00a0<b>los independentistas estaban mejor armados para la lucha,<\/b>\u00a0con 2.971 hombres frente a los 1.900 del bando contrario.<\/p>\n<p class=\"body-paragraph \">Junto a Sucre batallaron soldados provenientes de m\u00faltiples latitudes, como Colombia, Per\u00fa, Argentina, Chile, Venezuela y otras m\u00e1s.\u00a0<b>Liberar a Quito era la tarea pendiente para avanzar en el sue\u00f1o integracionista de Bol\u00edvar.\u00a0<\/b>Tras un cruento enfrentamiento, que dej\u00f3 400 realistas y 200 patriotas muertos,\u00a0<b>Aymerich se rindi\u00f3 y Sucre tom\u00f3 finalmente Quito.<\/b><\/p>\n<h3>LA RELEVANCIA DE PICHINCHA<\/h3>\n<p class=\"body-paragraph \">Para el historiador y catedr\u00e1tico de la Universidad Andina Sim\u00f3n Bol\u00edvar,\u00a0<b>Carlos Land\u00e1zuri, la Batalla de Pichincha fue clave para dos cosas: la Independencia del Ecuador y la Gran Colombia.<\/b><\/p>\n<p class=\"body-paragraph \"><b>\u201cSi no hab\u00eda Pichincha, no hab\u00eda Ecuador,\u00a0<\/b>ese es el significado local. Pero tiene un significado americano,\u00a0<b>pues si no hab\u00eda Pichincha, no hab\u00eda la Gran Colombia\u00a0<\/b>y Bol\u00edvar tampoco habr\u00eda podido contribuir a la independencia del Per\u00fa y la independencia total del continente podr\u00eda no haberse logrado\u201d, comenta Land\u00e1zuri a Bloomberg L\u00ednea.<\/p>\n<p class=\"body-paragraph \">Y aunque el Primer Grito de la Independencia del 10 de agosto de 1809 es otro de los eventos m\u00e1s relevantes del pa\u00eds,\u00a0<b>la Batalla de Pichincha es central porque ah\u00ed finalmente se decide y concreta la independencia.<\/b>\u00a0\u201cEn Pichincha se deciden las cosas y es el momento en que comienza una nueva vida\u201d, apunta el catedr\u00e1tico.<\/p>\n<p class=\"body-paragraph \">Claro que en ese momento no se crea Quito o Ecuador como tal, sino que\u00a0<b>termina de armarse la Gran Colombia<\/b>\u00a0integrada por lo que hoy conocemos como Venezuela, Colombia y Ecuador. \u201cNo es el pa\u00eds que se so\u00f1aba en ese momento, pero ah\u00ed comienza, por eso la importancia de Pichincha es central\u201d.<\/p>\n<h3>\u00bfQU\u00c9 VINO DESPU\u00c9S DE LA BATALLA?<\/h3>\n<p class=\"body-paragraph \">Lo primero fue que Guayaquil, bajo el liderazgo de Jos\u00e9 Joaqu\u00edn de Olmedo, si bien no se someti\u00f3 inmediatamente a Colombia,\u00a0<b>acept\u00f3 estar bajo la protecci\u00f3n de la Rep\u00fablica de Colombia.<\/b>\u00a0Asimismo,\u00a0<b>Cuenca, la tercera ciudad en importancia, fue tomada por Sucre<\/b>\u00a0\u201csin disparar un solo tiro\u201d, pues los realistas se replegaron sin pelear. Finalmente, Quito tambi\u00e9n pas\u00f3 a formar parte de la gran naci\u00f3n.<\/p>\n<p class=\"body-paragraph \">Pero otro hito importante que trajo Pichincha es que\u00a0<b>la victoria en Quito facilit\u00f3 que Bol\u00edvar tome Pasto, ubicada en el actual sur colombiano<\/b>, y una de las zonas con m\u00e1s resistencia realista. Luego de vencer en esas tierras,\u00a0<b>Bol\u00edvar lleg\u00f3 a Quito el 16 de junio de 1822 \u201cy es recibido como dios\u201d,\u00a0<\/b>relata Land\u00e1zuri. All\u00ed conoce adem\u00e1s a Manuela S\u00e1ez, quien ser\u00e1 conocida despu\u00e9s como \u201cla libertadora del Libertador\u201d y reconocida por su \u00edmpetu y esp\u00edritu guerrero.<\/p>\n<p class=\"body-paragraph \">Tras su paso por la capital ecuatoriana,\u00a0<b>Bol\u00edvar viaja a Guayaquil<\/b>\u00a0donde a trav\u00e9s de un refer\u00e9ndum\u00a0<b>la ciudadan\u00eda acepta formalmente ser parte de Colombia.<\/b>\u00a0All\u00ed tambi\u00e9n se produce el hist\u00f3rico encuentro con Jos\u00e9 de San Mart\u00edn, el gran libertador del Sur, quien le propone la incorporaci\u00f3n de Guayaquil al Per\u00fa \u201cpero en este y otros temas debi\u00f3 aceptar que \u00e9l propon\u00eda y Bol\u00edvar dispon\u00eda\u201d, relata el libro\u00a0<i>Historia del Ecuador I<\/i>\u00a0de la misma UASB.<\/p>\n<p class=\"body-paragraph \">A pesar de estos avatares hist\u00f3ricos, Land\u00e1zuri insiste en que precisamente es la Batalla de Pichincha la que \u2013de una u otra forma-\u00a0<b>\u201cpermite que la Gran Colombia que hab\u00eda so\u00f1ado Bol\u00edvar se consolide\u201d.<\/b><\/p>\n<h3>AUGE Y CA\u00cdDA DE LA GRAN COLOMBIA<\/h3>\n<p class=\"body-paragraph \">Al principio,\u00a0<b>el nuevo esquema funcion\u00f3 relativamente bien<\/b>\u00a0y la Gran Colombia logr\u00f3 derrotar a los realistas en todo su territorio, funcionar con estabilidad, jugar un papel determinante en la independencia del Per\u00fa y Bolivia, y\u00a0<b>convertirse por alg\u00fan tiempo en el pa\u00eds de mayor prestigio entre las nuevas rep\u00fablicas hispanoamericanas<\/b>, reza el texto citado anteriormente.<\/p>\n<p class=\"body-paragraph \">En 1822 fue reconocida por Estados Unidos y en 1825 por Gran Breta\u00f1a. En 1826 patrocin\u00f3 el Primer Congreso Interamericano de Panam\u00e1. \u201cSin embargo, desde\u00a0<b>mediados de ese a\u00f1o las debilidades estructurales del pa\u00eds se hicieron evidentes<\/b>\u00a0y\/o llevaron al caos, la dictadura, y finalmente, su disoluci\u00f3n\u201d, explica David Bushnell en el libro\u00a0<i>Colombia, una naci\u00f3n a pesar de s\u00ed misma<\/i>.<\/p>\n<p class=\"body-paragraph \">Las complicaciones se agudizaron a partir de 1826, especialmente por los primeros intentos separatistas provenientes de Venezuela. Luego, en\u00a0<b>1828 Bol\u00edvar asumi\u00f3 la dictadura a pedido de los notables para \u201csalvar la Rep\u00fablica\u201d;<\/b>\u00a0la oposici\u00f3n intent\u00f3 asesinarlo el 25 de septiembre de 1828, pero no lo logr\u00f3. Para dar una salida a la crisis, Bol\u00edvar convoc\u00f3 a otra convenci\u00f3n, denominada \u201cCongreso Admirable\u201d, que fue presidida por Sucre. All\u00ed se dict\u00f3 una nueva constituci\u00f3n pero no se logr\u00f3 frenar el separatismo. Entonces,\u00a0<b>Bol\u00edvar, convencido de que hab\u00eda llegado a ser un obst\u00e1culo para la uni\u00f3n, renunci\u00f3.<\/b><\/p>\n<p class=\"body-paragraph \"><b>La separaci\u00f3n de la Gran Colombia se produjo de forma pac\u00edfica<\/b>\u00a0\u201cpues los venezolanos la quer\u00edan y en el centro no hab\u00eda ni deseo ni recursos para mantener la uni\u00f3n por la fuerza\u201d, se indica en la\u00a0<i>Historia del Ecuador I.\u00a0<\/i>En el Distrito del Sur, lo que hoy es Ecuador, desde los primeros meses de 1830 era evidente que no se pod\u00eda mantener la uni\u00f3n y que esta subsist\u00eda solo por la fidelidad de la gente a Bol\u00edvar.<\/p>\n<p class=\"body-paragraph \">As\u00ed, cuando se supo de su alejamiento,\u00a0<b>los notables de Quito decidieron \u201cconstituir un Estado libre e independiente con los pueblos comprendidos en el distrito del Sur y los m\u00e1s que quieran incorporarse\u201d.\u00a0<\/b>Entonces, el 14 de agosto de 1830 se reunieron en Riobamba (centro del pa\u00eds) los representantes de cada uno de los departamentos del distrito: Guayaquil, Quito y Cuenca, para redactar lo que ser\u00eda la Primera Carta Magna y darle finalmente a la Rep\u00fablica\u00a0<b>el nombre de Ecuador.<\/b><\/p>\n<p>www.lodelmomentoloja.com<\/p>\n<p>#LDMnoticias #lodelmomentolojaLDM<\/p>\n","protected":false},"excerpt":{"rendered":"<p>Este 24 de mayo Ecuador conmemora\u00a0el Bicentenario de la Batalla de Pichincha, uno de los&#8230;<\/p>\n","protected":false},"author":1,"featured_media":9334,"comment_status":"open","ping_status":"open","sticky":false,"template":"","format":"standard","meta":{"footnotes":""},"categories":[7],"tags":[],"class_list":["post-9333","post","type-post","status-publish","format-standard","has-post-thumbnail","hentry","category-ecuador"],"_links":{"self":[{"href":"https:\/\/www.lodelmomentoloja.com\/index.php?rest_route=\/wp\/v2\/posts\/9333"}],"collection":[{"href":"https:\/\/www.lodelmomentoloja.com\/index.php?rest_route=\/wp\/v2\/posts"}],"about":[{"href":"https:\/\/www.lodelmomentoloja.com\/index.php?rest_route=\/wp\/v2\/types\/post"}],"author":[{"embeddable":true,"href":"https:\/\/www.lodelmomentoloja.com\/index.php?rest_route=\/wp\/v2\/users\/1"}],"replies":[{"embeddable":true,"href":"https:\/\/www.lodelmomentoloja.com\/index.php?rest_route=%2Fwp%2Fv2%2Fcomments&post=9333"}],"version-history":[{"count":1,"href":"https:\/\/www.lodelmomentoloja.com\/index.php?rest_route=\/wp\/v2\/posts\/9333\/revisions"}],"predecessor-version":[{"id":9335,"href":"https:\/\/www.lodelmomentoloja.com\/index.php?rest_route=\/wp\/v2\/posts\/9333\/revisions\/9335"}],"wp:featuredmedia":[{"embeddable":true,"href":"https:\/\/www.lodelmomentoloja.com\/index.php?rest_route=\/wp\/v2\/media\/9334"}],"wp:attachment":[{"href":"https:\/\/www.lodelmomentoloja.com\/index.php?rest_route=%2Fwp%2Fv2%2Fmedia&parent=9333"}],"wp:term":[{"taxonomy":"category","embeddable":true,"href":"https:\/\/www.lodelmomentoloja.com\/index.php?rest_route=%2Fwp%2Fv2%2Fcategories&post=9333"},{"taxonomy":"post_tag","embeddable":true,"href":"https:\/\/www.lodelmomentoloja.com\/index.php?rest_route=%2Fwp%2Fv2%2Ftags&post=9333"}],"curies":[{"name":"wp","href":"https:\/\/api.w.org\/{rel}","templated":true}]}}