{"id":9263,"date":"2022-05-18T14:38:23","date_gmt":"2022-05-18T14:38:23","guid":{"rendered":"https:\/\/www.lodelmomentoloja.com\/?p=9263"},"modified":"2022-05-18T19:59:37","modified_gmt":"2022-05-18T19:59:37","slug":"93-mil-estudiantes-se-quedaran-sin-cupo-para-ingresar-a-la-universidad-en-ecuador","status":"publish","type":"post","link":"https:\/\/www.lodelmomentoloja.com\/?p=9263","title":{"rendered":"93 mil estudiantes se quedar\u00e1n sin cupo para ingresar a la Universidad en Ecuador"},"content":{"rendered":"<p dir=\"ltr\">#Nacional | El titular de la Senescyt, Alejandro Ribadeneira, dice que el pr\u00f3ximo a\u00f1o las universidades aplicar\u00e1n sus propios ex\u00e1menes para los procesos de admisi\u00f3n.<\/p>\n<p dir=\"ltr\">La Secretar\u00eda de Educaci\u00f3n Superior, Ciencia, Tecnolog\u00eda e Innovaci\u00f3n (Senescyt) organiza un nuevo proceso de ingreso a las universidades p\u00fablicas en medio de cr\u00edticas de estudiantes que no consiguen cupo. El titular del organismo, Alejandro Ribadeneira, insiste en que en ning\u00fan pa\u00eds del mundo es posible que todos los estudiantes ingresen a la universidad.<\/p>\n<p dir=\"ltr\">\u00bfCu\u00e1ntos cupos disponibles habr\u00e1 para el pr\u00f3ximo per\u00edodo acad\u00e9mico? Para la primera postulaci\u00f3n de este a\u00f1o hubo 215.000 estudiantes que buscaban uno de los 122.000 cupos que se ofertaron.<\/p>\n<p dir=\"ltr\">Los \u00faltimos datos nos muestran que se asignaron 94.000 cupos, pero solo 81.000 aspirantes los aceptaron. Esto quiere decir que hay alrededor de 41.000 plazas disponibles para la segunda postulaci\u00f3n, que ser\u00e1 del 20 al 22 de mayo de 2022, y para la tercera, que ser\u00e1 entre el 30 de mayo y el 1 de junio.<\/p>\n<p dir=\"ltr\">Esperamos que los j\u00f3venes que no aceptaron una plaza puedan hacerlo, aunque habr\u00e1 93.000 aspirantes que se quedar\u00e1n sin estudiar. No hay que olvidar que en ninguna parte del mundo es posible que todos los aspirantes ingresen a la universidad.<\/p>\n<p dir=\"ltr\">Fuente: Primicias Ec.<\/p>\n<p dir=\"ltr\">www.lodelmomentoloja.com<br \/>\n#LDMnoticias#lodelmomentolojaLDM<\/p>\n","protected":false},"excerpt":{"rendered":"<p>#Nacional | El titular de la Senescyt, Alejandro Ribadeneira, dice que el pr\u00f3ximo a\u00f1o las&#8230;<\/p>\n","protected":false},"author":1,"featured_media":9264,"comment_status":"open","ping_status":"open","sticky":false,"template":"","format":"standard","meta":{"footnotes":""},"categories":[7],"tags":[],"class_list":["post-9263","post","type-post","status-publish","format-standard","has-post-thumbnail","hentry","category-ecuador"],"_links":{"self":[{"href":"https:\/\/www.lodelmomentoloja.com\/index.php?rest_route=\/wp\/v2\/posts\/9263"}],"collection":[{"href":"https:\/\/www.lodelmomentoloja.com\/index.php?rest_route=\/wp\/v2\/posts"}],"about":[{"href":"https:\/\/www.lodelmomentoloja.com\/index.php?rest_route=\/wp\/v2\/types\/post"}],"author":[{"embeddable":true,"href":"https:\/\/www.lodelmomentoloja.com\/index.php?rest_route=\/wp\/v2\/users\/1"}],"replies":[{"embeddable":true,"href":"https:\/\/www.lodelmomentoloja.com\/index.php?rest_route=%2Fwp%2Fv2%2Fcomments&post=9263"}],"version-history":[{"count":1,"href":"https:\/\/www.lodelmomentoloja.com\/index.php?rest_route=\/wp\/v2\/posts\/9263\/revisions"}],"predecessor-version":[{"id":9265,"href":"https:\/\/www.lodelmomentoloja.com\/index.php?rest_route=\/wp\/v2\/posts\/9263\/revisions\/9265"}],"wp:featuredmedia":[{"embeddable":true,"href":"https:\/\/www.lodelmomentoloja.com\/index.php?rest_route=\/wp\/v2\/media\/9264"}],"wp:attachment":[{"href":"https:\/\/www.lodelmomentoloja.com\/index.php?rest_route=%2Fwp%2Fv2%2Fmedia&parent=9263"}],"wp:term":[{"taxonomy":"category","embeddable":true,"href":"https:\/\/www.lodelmomentoloja.com\/index.php?rest_route=%2Fwp%2Fv2%2Fcategories&post=9263"},{"taxonomy":"post_tag","embeddable":true,"href":"https:\/\/www.lodelmomentoloja.com\/index.php?rest_route=%2Fwp%2Fv2%2Ftags&post=9263"}],"curies":[{"name":"wp","href":"https:\/\/api.w.org\/{rel}","templated":true}]}}