{"id":9257,"date":"2022-05-18T12:05:42","date_gmt":"2022-05-18T12:05:42","guid":{"rendered":"https:\/\/www.lodelmomentoloja.com\/?p=9257"},"modified":"2022-05-18T17:06:34","modified_gmt":"2022-05-18T17:06:34","slug":"carapaz-es-segundo-en-la-tabla-general-del-giro-de-italia","status":"publish","type":"post","link":"https:\/\/www.lodelmomentoloja.com\/?p=9257","title":{"rendered":"Carapaz es segundo en la tabla general del Giro de Italia"},"content":{"rendered":"<p dir=\"ltr\">#Internacional | El ciclista ecuatoriano Richard Carapaz subi\u00f3 al segundo lugar en la clasificaci\u00f3n general del Giro de Italia, luego de bonificar tres segundos en el sprint intermedio a 60 km de la meta.<\/p>\n<p dir=\"ltr\">EL espa\u00f1ol Juan Pedro L\u00f3pez conserv\u00f3 la maglia rosa con 12 segundos de ventaja sobre el portugu\u00e9s Joao Almeida (UAE Emirates) y Carapaz (Ineos) en la und\u00e9cima etapa, disputada entre Santarcangelo di Romagna y Reggio Emilia, de 203 km.<\/p>\n<p dir=\"ltr\">\u201cVi que Richard Carapaz iba a buscar una bonificaci\u00f3n de tiempo en un sprint intermedio, pero no soy tan r\u00e1pido como \u00e9l. No hab\u00eda nada que pudiera hacer. De todos modos, estoy muy feliz de mantener la maglia rosa al menos un d\u00eda m\u00e1s\u201d, se\u00f1al\u00f3 en meta el ciclista lebrijano.<\/p>\n<p dir=\"ltr\">www.lodelmomentoloja.com<br \/>\n#LDMnoticias#lodelmomentolojaLDM<\/p>\n","protected":false},"excerpt":{"rendered":"<p>#Internacional | El ciclista ecuatoriano Richard Carapaz subi\u00f3 al segundo lugar en la clasificaci\u00f3n general&#8230;<\/p>\n","protected":false},"author":1,"featured_media":9258,"comment_status":"open","ping_status":"open","sticky":false,"template":"","format":"standard","meta":{"footnotes":""},"categories":[4],"tags":[],"class_list":["post-9257","post","type-post","status-publish","format-standard","has-post-thumbnail","hentry","category-internacional"],"_links":{"self":[{"href":"https:\/\/www.lodelmomentoloja.com\/index.php?rest_route=\/wp\/v2\/posts\/9257"}],"collection":[{"href":"https:\/\/www.lodelmomentoloja.com\/index.php?rest_route=\/wp\/v2\/posts"}],"about":[{"href":"https:\/\/www.lodelmomentoloja.com\/index.php?rest_route=\/wp\/v2\/types\/post"}],"author":[{"embeddable":true,"href":"https:\/\/www.lodelmomentoloja.com\/index.php?rest_route=\/wp\/v2\/users\/1"}],"replies":[{"embeddable":true,"href":"https:\/\/www.lodelmomentoloja.com\/index.php?rest_route=%2Fwp%2Fv2%2Fcomments&post=9257"}],"version-history":[{"count":1,"href":"https:\/\/www.lodelmomentoloja.com\/index.php?rest_route=\/wp\/v2\/posts\/9257\/revisions"}],"predecessor-version":[{"id":9259,"href":"https:\/\/www.lodelmomentoloja.com\/index.php?rest_route=\/wp\/v2\/posts\/9257\/revisions\/9259"}],"wp:featuredmedia":[{"embeddable":true,"href":"https:\/\/www.lodelmomentoloja.com\/index.php?rest_route=\/wp\/v2\/media\/9258"}],"wp:attachment":[{"href":"https:\/\/www.lodelmomentoloja.com\/index.php?rest_route=%2Fwp%2Fv2%2Fmedia&parent=9257"}],"wp:term":[{"taxonomy":"category","embeddable":true,"href":"https:\/\/www.lodelmomentoloja.com\/index.php?rest_route=%2Fwp%2Fv2%2Fcategories&post=9257"},{"taxonomy":"post_tag","embeddable":true,"href":"https:\/\/www.lodelmomentoloja.com\/index.php?rest_route=%2Fwp%2Fv2%2Ftags&post=9257"}],"curies":[{"name":"wp","href":"https:\/\/api.w.org\/{rel}","templated":true}]}}