{"id":9190,"date":"2022-05-13T09:43:14","date_gmt":"2022-05-13T09:43:14","guid":{"rendered":"https:\/\/www.lodelmomentoloja.com\/?p=9190"},"modified":"2022-05-13T17:46:59","modified_gmt":"2022-05-13T17:46:59","slug":"encuentran-cadaver-acera-de-la-urbe-lojana","status":"publish","type":"post","link":"https:\/\/www.lodelmomentoloja.com\/?p=9190","title":{"rendered":"Encuentran cad\u00e1ver en acera de la urbe lojana."},"content":{"rendered":"<p>#Loja | En horas de la ma\u00f1ana de este 13 de Mayo, un ciudadano que circulaba por la Av. Manuel Agust\u00edn entre 10 de Agosto y Rocafuerte dio aviso al ECU 911, sobre un presunto cad\u00e1ver, que se encontraba en plena acera (jardinera).<\/p>\n<p>Personal de Ministerio de Salud P\u00fablica y Polic\u00eda Nacional, al llegar al sitio de los hechos, confirmaron que el cuerpo que yac\u00eda en la acera ya no ten\u00eda signos vitales. Sin embargo, se pudo constatar que el mismo ten\u00eda en una de sus mu\u00f1ecas ten\u00eda un brazalete de un centro de atenci\u00f3n hospitalaria.<\/p>\n<p>Seg\u00fan reporte de la DINASED, no se encontr\u00f3 ning\u00fan tipo de golpe o hematoma, lo que se presume que el ciudadano habr\u00eda fallecido de manera natural o por alguna enfermedad.<\/p>\n<p>Noticia en desarrollo&#8230;<\/p>\n<p>#Loja | En horas de la ma\u00f1ana de este 13 de Mayo, un ciudadano que circulaba por la Av. Manuel Agust\u00edn entre 10 de gosto y Rocafuerte di\u00f3 aviso al ECU 911, sobre un presunto cad\u00e1ver, que se encontraba en plena acera (jardinera).<\/p>\n<p>Personal de Ministerio de Salud P\u00fablica y Polic\u00eda Nacional, al llegar al sitio de los hechos, confirmaron que el cuerpo que yac\u00eda en la acera ya no ten\u00eda signos vitales. Adem\u00e1s se pudo constatar que en una de sus mu\u00f1ecas ten\u00eda un brazalete de un centro de atenci\u00f3n hospitalaria.<\/p>\n<p>Seg\u00fan reporte de la DINASED, no se encontr\u00f3 ningun tipo de golpe o ematoma, lo que se presume que el ciudadano habr\u00eda fallecido de manera natural o por alguna enfermedad.<\/p>\n<p>Noticia en desarrollo&#8230;<\/p>\n<p>www.lodelmomentoloja.com<br \/>\n#LDMnoticias #lodelmomentolojaLDM<\/p>\n","protected":false},"excerpt":{"rendered":"<p>#Loja | En horas de la ma\u00f1ana de este 13 de Mayo, un ciudadano que&#8230;<\/p>\n","protected":false},"author":1,"featured_media":9191,"comment_status":"open","ping_status":"open","sticky":false,"template":"","format":"standard","meta":{"footnotes":""},"categories":[5],"tags":[],"class_list":["post-9190","post","type-post","status-publish","format-standard","has-post-thumbnail","hentry","category-loja"],"_links":{"self":[{"href":"https:\/\/www.lodelmomentoloja.com\/index.php?rest_route=\/wp\/v2\/posts\/9190"}],"collection":[{"href":"https:\/\/www.lodelmomentoloja.com\/index.php?rest_route=\/wp\/v2\/posts"}],"about":[{"href":"https:\/\/www.lodelmomentoloja.com\/index.php?rest_route=\/wp\/v2\/types\/post"}],"author":[{"embeddable":true,"href":"https:\/\/www.lodelmomentoloja.com\/index.php?rest_route=\/wp\/v2\/users\/1"}],"replies":[{"embeddable":true,"href":"https:\/\/www.lodelmomentoloja.com\/index.php?rest_route=%2Fwp%2Fv2%2Fcomments&post=9190"}],"version-history":[{"count":3,"href":"https:\/\/www.lodelmomentoloja.com\/index.php?rest_route=\/wp\/v2\/posts\/9190\/revisions"}],"predecessor-version":[{"id":9197,"href":"https:\/\/www.lodelmomentoloja.com\/index.php?rest_route=\/wp\/v2\/posts\/9190\/revisions\/9197"}],"wp:featuredmedia":[{"embeddable":true,"href":"https:\/\/www.lodelmomentoloja.com\/index.php?rest_route=\/wp\/v2\/media\/9191"}],"wp:attachment":[{"href":"https:\/\/www.lodelmomentoloja.com\/index.php?rest_route=%2Fwp%2Fv2%2Fmedia&parent=9190"}],"wp:term":[{"taxonomy":"category","embeddable":true,"href":"https:\/\/www.lodelmomentoloja.com\/index.php?rest_route=%2Fwp%2Fv2%2Fcategories&post=9190"},{"taxonomy":"post_tag","embeddable":true,"href":"https:\/\/www.lodelmomentoloja.com\/index.php?rest_route=%2Fwp%2Fv2%2Ftags&post=9190"}],"curies":[{"name":"wp","href":"https:\/\/api.w.org\/{rel}","templated":true}]}}