{"id":9138,"date":"2022-05-10T09:00:46","date_gmt":"2022-05-10T09:00:46","guid":{"rendered":"https:\/\/www.lodelmomentoloja.com\/?p=9138"},"modified":"2022-05-10T14:32:49","modified_gmt":"2022-05-10T14:32:49","slug":"matanzas-en-carceles-de-ecuador-con-cifras-exorbitantes","status":"publish","type":"post","link":"https:\/\/www.lodelmomentoloja.com\/?p=9138","title":{"rendered":"Matanzas en c\u00e1rceles de Ecuador con cifras exorbitantes."},"content":{"rendered":"<div class=\"bbc-19j92fr e57qer20\" dir=\"ltr\">\n<p class=\"bbc-bm53ic e1cc2ql70\" dir=\"ltr\">El d\u00eda de ayer se registr\u00f3 <strong>un nuevo mot\u00edn<\/strong> en una de las c\u00e1rceles del Ecuador, <strong>en el Centro de Rehabilitaci\u00f3n de Santo Domingo de los Ts\u00e1chilas<\/strong>, ubicado a unos 70 kil\u00f3metros de la capital, aproximadamente <strong>44 personas murieron entre los que constan presos de m\u00e1xima seguridad<\/strong>, acumulando <strong>cifras exorbitantes en poco m\u00e1s de un a\u00f1o<\/strong>, abriendo un debate la violencia descontrolada y la falta de control por parte del Estado en el sistema penitenciario.<\/p>\n<\/div>\n<div class=\"bbc-19j92fr e57qer20\" dir=\"ltr\"><\/div>\n<p dir=\"ltr\"><strong>La Fiscal\u00eda General del Estado<\/strong> expuso estas cifras desde su <strong>cuenta oficial de twitter<\/strong>.<\/p>\n<blockquote class=\"twitter-tweet\" data-width=\"550\" data-dnt=\"true\">\n<p lang=\"es\" dir=\"ltr\"><a href=\"https:\/\/twitter.com\/hashtag\/URGENTE?src=hash&amp;ref_src=twsrc%5Etfw\">#URGENTE<\/a> |<a href=\"https:\/\/twitter.com\/hashtag\/SantoDomingoDeLosTs%C3%A1chilas?src=hash&amp;ref_src=twsrc%5Etfw\">#SantoDomingoDeLosTs\u00e1chilas<\/a>: tras amotinamiento en el CRS Bellavista de <a href=\"https:\/\/twitter.com\/hashtag\/SantoDomingo?src=hash&amp;ref_src=twsrc%5Etfw\">#SantoDomingo<\/a>, <a href=\"https:\/\/twitter.com\/hashtag\/Fiscal%C3%ADaEc?src=hash&amp;ref_src=twsrc%5Etfw\">#Fiscal\u00edaEc<\/a> y <a href=\"https:\/\/twitter.com\/PoliciaEcuador?ref_src=twsrc%5Etfw\">@PoliciaEcuador<\/a> levantan indicios y receptan versiones en el lugar. Hasta el momento se cuentan 43 internos fallecidos (en desarrollo). <a href=\"https:\/\/twitter.com\/hashtag\/Fiscal%C3%ADaContraElDelito?src=hash&amp;ref_src=twsrc%5Etfw\">#Fiscal\u00edaContraElDelito<\/a> <a href=\"https:\/\/t.co\/TayLwUoEUr\">pic.twitter.com\/TayLwUoEUr<\/a><\/p>\n<p>&mdash; Fiscal\u00eda Ecuador (@FiscaliaEcuador) <a href=\"https:\/\/twitter.com\/FiscaliaEcuador\/status\/1523719872353832960?ref_src=twsrc%5Etfw\">May 9, 2022<\/a><\/p><\/blockquote>\n<p><script async src=\"https:\/\/platform.twitter.com\/widgets.js\" charset=\"utf-8\"><\/script><\/p>\n<div class=\"bbc-19j92fr e57qer20\" dir=\"ltr\">\n<div class=\"bbc-19j92fr e57qer20\" dir=\"ltr\">\n<h3 class=\"bbc-bm53ic e1cc2ql70\" dir=\"ltr\">LOS DATOS LAS MUERTES EN LAS C\u00c1RCELES.<\/h3>\n<p dir=\"ltr\">Los datos en lo que va de poco m\u00e1s de un a\u00f1o ya son una situaci\u00f3n que genera mucha preocupaci\u00f3n, ya que <strong>desde febrero 2021 hasta mayo 2022<\/strong> (a\u00fan no acaba el mes), las cifras ascienden a <strong>unos 364 ppl que murieron en unas seis matanzas<\/strong> que se generaron a lo largo del tiempo antes mencionado, <strong>cifra que podr\u00eda representar el 1% del total de presos en las c\u00e1rceles.<\/strong><\/p>\n<ul>\n<li dir=\"ltr\">23 de febrero 2021: <strong>79 muertos<\/strong> (periodo Lenin Moreno)<\/li>\n<li dir=\"ltr\">21 de julio 2021: <strong>34 muertos<\/strong> (periodo Guillermo Lasso)<\/li>\n<li dir=\"ltr\">29 de septiembre 2021: <strong>119 muertos<\/strong> (periodo Guillermo Lasso)<\/li>\n<li dir=\"ltr\">12 de noviembre del 2021: <strong>68 muertos<\/strong> (periodo Guillermo Lasso)<\/li>\n<li dir=\"ltr\">3 de abril del 2022:<strong> 20 muertos<\/strong> (periodo Guillermo Lasso)<\/li>\n<li dir=\"ltr\">9 de mayo del 2022: <strong>44 muertos<\/strong> (periodo Guillermo Lasso).<\/li>\n<\/ul>\n<p>Mientras tanto, la inseguridad sigue reinando las c\u00e1rceles y las calles del pa\u00eds, una crisis m\u00e1s a las que sufre el Ecuador.<\/p>\n<p><em>S\u00edguenos #LDMnoticias \u00f3 #lodelmomentolojaLDM\u00a0<\/em><\/p>\n<\/div>\n<\/div>\n","protected":false},"excerpt":{"rendered":"<p>El d\u00eda de ayer se registr\u00f3 un nuevo mot\u00edn en una de las c\u00e1rceles del&#8230;<\/p>\n","protected":false},"author":1,"featured_media":9139,"comment_status":"open","ping_status":"open","sticky":false,"template":"","format":"standard","meta":{"footnotes":""},"categories":[7,1],"tags":[],"class_list":["post-9138","post","type-post","status-publish","format-standard","has-post-thumbnail","hentry","category-ecuador","category-inicio"],"_links":{"self":[{"href":"https:\/\/www.lodelmomentoloja.com\/index.php?rest_route=\/wp\/v2\/posts\/9138"}],"collection":[{"href":"https:\/\/www.lodelmomentoloja.com\/index.php?rest_route=\/wp\/v2\/posts"}],"about":[{"href":"https:\/\/www.lodelmomentoloja.com\/index.php?rest_route=\/wp\/v2\/types\/post"}],"author":[{"embeddable":true,"href":"https:\/\/www.lodelmomentoloja.com\/index.php?rest_route=\/wp\/v2\/users\/1"}],"replies":[{"embeddable":true,"href":"https:\/\/www.lodelmomentoloja.com\/index.php?rest_route=%2Fwp%2Fv2%2Fcomments&post=9138"}],"version-history":[{"count":1,"href":"https:\/\/www.lodelmomentoloja.com\/index.php?rest_route=\/wp\/v2\/posts\/9138\/revisions"}],"predecessor-version":[{"id":9140,"href":"https:\/\/www.lodelmomentoloja.com\/index.php?rest_route=\/wp\/v2\/posts\/9138\/revisions\/9140"}],"wp:featuredmedia":[{"embeddable":true,"href":"https:\/\/www.lodelmomentoloja.com\/index.php?rest_route=\/wp\/v2\/media\/9139"}],"wp:attachment":[{"href":"https:\/\/www.lodelmomentoloja.com\/index.php?rest_route=%2Fwp%2Fv2%2Fmedia&parent=9138"}],"wp:term":[{"taxonomy":"category","embeddable":true,"href":"https:\/\/www.lodelmomentoloja.com\/index.php?rest_route=%2Fwp%2Fv2%2Fcategories&post=9138"},{"taxonomy":"post_tag","embeddable":true,"href":"https:\/\/www.lodelmomentoloja.com\/index.php?rest_route=%2Fwp%2Fv2%2Ftags&post=9138"}],"curies":[{"name":"wp","href":"https:\/\/api.w.org\/{rel}","templated":true}]}}