{"id":9124,"date":"2022-05-09T14:58:02","date_gmt":"2022-05-09T14:58:02","guid":{"rendered":"https:\/\/www.lodelmomentoloja.com\/?p=9124"},"modified":"2022-05-09T19:59:57","modified_gmt":"2022-05-09T19:59:57","slug":"masacre-en-carcel-de-ecuador","status":"publish","type":"post","link":"https:\/\/www.lodelmomentoloja.com\/?p=9124","title":{"rendered":"Masacre en c\u00e1rcel de Ecuador"},"content":{"rendered":"<p>#Nacional | Masacre en C\u00e1rcel de Ecuador.<\/p>\n<p>Durante horas de la madrugada de este lunes 9 de mayo de 2022 se registr\u00f3 un amotinamiento en el Centro de Rehabilitaci\u00f3n Social de Santo Domingo de los Ts\u00e1chilas.<\/p>\n<p>La cifra preliminar de fallecidos era de al menos 20 seg\u00fan el primer corte del Gobierno Nacional. As\u00ed lo inform\u00f3 el presidente de la Rep\u00fablica, Guillermo Lasso, a trav\u00e9s de un chat comunicacional. Pasado el medio d\u00eda, se ha dado una rueda de prensa en la que el Ministro del Interior, Patricio Carrillo, confirm\u00f3 que se han contabilizado 41 reos fallecidos. Sin embargo de manera extraoficial, la cifra aumentar\u00eda a m\u00e1s de 50 fallecidos.<\/p>\n<p>El ministro Carrillo mencion\u00f3 que que se trat\u00f3 de un enfrentamiento entre las organizaciones denominadas Los Lobos y R7.<\/p>\n<p>www.lodelmomentoloja.com<br \/>\n#LDMnoticias #lodelmomentolojaLDM<\/p>\n","protected":false},"excerpt":{"rendered":"<p>#Nacional | Masacre en C\u00e1rcel de Ecuador. Durante horas de la madrugada de este lunes&#8230;<\/p>\n","protected":false},"author":1,"featured_media":9125,"comment_status":"open","ping_status":"open","sticky":false,"template":"","format":"standard","meta":{"footnotes":""},"categories":[7],"tags":[],"class_list":["post-9124","post","type-post","status-publish","format-standard","has-post-thumbnail","hentry","category-ecuador"],"_links":{"self":[{"href":"https:\/\/www.lodelmomentoloja.com\/index.php?rest_route=\/wp\/v2\/posts\/9124"}],"collection":[{"href":"https:\/\/www.lodelmomentoloja.com\/index.php?rest_route=\/wp\/v2\/posts"}],"about":[{"href":"https:\/\/www.lodelmomentoloja.com\/index.php?rest_route=\/wp\/v2\/types\/post"}],"author":[{"embeddable":true,"href":"https:\/\/www.lodelmomentoloja.com\/index.php?rest_route=\/wp\/v2\/users\/1"}],"replies":[{"embeddable":true,"href":"https:\/\/www.lodelmomentoloja.com\/index.php?rest_route=%2Fwp%2Fv2%2Fcomments&post=9124"}],"version-history":[{"count":1,"href":"https:\/\/www.lodelmomentoloja.com\/index.php?rest_route=\/wp\/v2\/posts\/9124\/revisions"}],"predecessor-version":[{"id":9126,"href":"https:\/\/www.lodelmomentoloja.com\/index.php?rest_route=\/wp\/v2\/posts\/9124\/revisions\/9126"}],"wp:featuredmedia":[{"embeddable":true,"href":"https:\/\/www.lodelmomentoloja.com\/index.php?rest_route=\/wp\/v2\/media\/9125"}],"wp:attachment":[{"href":"https:\/\/www.lodelmomentoloja.com\/index.php?rest_route=%2Fwp%2Fv2%2Fmedia&parent=9124"}],"wp:term":[{"taxonomy":"category","embeddable":true,"href":"https:\/\/www.lodelmomentoloja.com\/index.php?rest_route=%2Fwp%2Fv2%2Fcategories&post=9124"},{"taxonomy":"post_tag","embeddable":true,"href":"https:\/\/www.lodelmomentoloja.com\/index.php?rest_route=%2Fwp%2Fv2%2Ftags&post=9124"}],"curies":[{"name":"wp","href":"https:\/\/api.w.org\/{rel}","templated":true}]}}