{"id":9090,"date":"2022-05-06T10:30:10","date_gmt":"2022-05-06T10:30:10","guid":{"rendered":"https:\/\/www.lodelmomentoloja.com\/?p=9090"},"modified":"2022-05-06T15:47:26","modified_gmt":"2022-05-06T15:47:26","slug":"plantean-intervenir-la-av-8-de-diciembre-por-etapas","status":"publish","type":"post","link":"https:\/\/www.lodelmomentoloja.com\/?p=9090","title":{"rendered":"Plantean intervenir la Av. 8 de diciembre por etapas"},"content":{"rendered":"<p>La ma\u00f1ana del martes, 3 de mayo, en el Sal\u00f3n de los Alcaldes se realiz\u00f3 la socializaci\u00f3n del anteproyecto \u201cIdeas para la recuperaci\u00f3n de la Av. 8 de Diciembre\u201d reuni\u00f3n que cont\u00f3 con la presencia de la alcaldesa de Loja, t\u00e9cnicos de Planificaci\u00f3n, presidentes barriales y moradores del sector.<\/p>\n<p>Hace dos semanas, el director de Planificaci\u00f3n, David \u00c1lvarez Vanegas, convoc\u00f3 a representantes del Colegio de Arquitectos, Colegio de Ingenieros Civiles, Escuelas de Arquitectura de la Universidad T\u00e9cnica Particular de Loja y Universidad Internacional del Ecuador, Sede Loja, delegados del Colectivo M\u00e1s Ciudad y moradores de la avenida en menci\u00f3n para entre todos analizar la problem\u00e1tica que se presenta en esta avenida y plantear soluciones.<\/p>\n<p>\u00c1lvarez, mencion\u00f3 que se analizaron varias situaciones, entre ellas, las ordenanzas que se aprobaron en los \u00faltimos meses, rangos de velocidad, ancho de v\u00eda, normativas que se deben tener presentes para hacer la intervenci\u00f3n.<\/p>\n<p>Adem\u00e1s, se propone ejecutar estudios de movilidad en donde se incorpore an\u00e1lisis de tr\u00e1fico, movilidad relacionada con las ciclov\u00edas y parada, se\u00f1al\u00e9tica, se\u00f1alizaci\u00f3n y cruces seguros para el peat\u00f3n. Estas socializaciones, fueron recopiladas con el prop\u00f3sito atender los diferentes criterios en miras de una soluci\u00f3n a la Av. 8 de Diciembre ya que est\u00e1 en p\u00e9simas condiciones y es necesario intervenirla.<\/p>\n<p>En esta reuni\u00f3n se plante\u00f3 la necesidad de intervenir la v\u00eda por etapas, dada la situaci\u00f3n econ\u00f3mica por la que atraviesa la entidad.\u00a0 Como medidas de acci\u00f3n inmediata est\u00e1n la ampliaci\u00f3n de calzada en tramos estrechos, evacuaci\u00f3n de aguas lluvias, limpieza de cunetas, colocaci\u00f3n de c\u00e9sped en el parterre, bacheo, se\u00f1alizaci\u00f3n horizontal y vertical; adem\u00e1s se contratar\u00e1 un Estudio Integral de Movilidad y Regeneraci\u00f3n de la Av. 8 de Diciembre.<\/p>\n<p>&nbsp;<\/p>\n<p><em>S\u00edguenos #LDMnoticias \u00f3 #lodelmomentolojaLDM<\/em><\/p>\n","protected":false},"excerpt":{"rendered":"<p>La ma\u00f1ana del martes, 3 de mayo, en el Sal\u00f3n de los Alcaldes se realiz\u00f3&#8230;<\/p>\n","protected":false},"author":1,"featured_media":9091,"comment_status":"open","ping_status":"open","sticky":false,"template":"","format":"standard","meta":{"footnotes":""},"categories":[1,5],"tags":[],"class_list":["post-9090","post","type-post","status-publish","format-standard","has-post-thumbnail","hentry","category-inicio","category-loja"],"_links":{"self":[{"href":"https:\/\/www.lodelmomentoloja.com\/index.php?rest_route=\/wp\/v2\/posts\/9090"}],"collection":[{"href":"https:\/\/www.lodelmomentoloja.com\/index.php?rest_route=\/wp\/v2\/posts"}],"about":[{"href":"https:\/\/www.lodelmomentoloja.com\/index.php?rest_route=\/wp\/v2\/types\/post"}],"author":[{"embeddable":true,"href":"https:\/\/www.lodelmomentoloja.com\/index.php?rest_route=\/wp\/v2\/users\/1"}],"replies":[{"embeddable":true,"href":"https:\/\/www.lodelmomentoloja.com\/index.php?rest_route=%2Fwp%2Fv2%2Fcomments&post=9090"}],"version-history":[{"count":1,"href":"https:\/\/www.lodelmomentoloja.com\/index.php?rest_route=\/wp\/v2\/posts\/9090\/revisions"}],"predecessor-version":[{"id":9092,"href":"https:\/\/www.lodelmomentoloja.com\/index.php?rest_route=\/wp\/v2\/posts\/9090\/revisions\/9092"}],"wp:featuredmedia":[{"embeddable":true,"href":"https:\/\/www.lodelmomentoloja.com\/index.php?rest_route=\/wp\/v2\/media\/9091"}],"wp:attachment":[{"href":"https:\/\/www.lodelmomentoloja.com\/index.php?rest_route=%2Fwp%2Fv2%2Fmedia&parent=9090"}],"wp:term":[{"taxonomy":"category","embeddable":true,"href":"https:\/\/www.lodelmomentoloja.com\/index.php?rest_route=%2Fwp%2Fv2%2Fcategories&post=9090"},{"taxonomy":"post_tag","embeddable":true,"href":"https:\/\/www.lodelmomentoloja.com\/index.php?rest_route=%2Fwp%2Fv2%2Ftags&post=9090"}],"curies":[{"name":"wp","href":"https:\/\/api.w.org\/{rel}","templated":true}]}}