{"id":9074,"date":"2022-05-05T13:00:28","date_gmt":"2022-05-05T13:00:28","guid":{"rendered":"https:\/\/www.lodelmomentoloja.com\/?p=9074"},"modified":"2022-05-05T19:20:01","modified_gmt":"2022-05-05T19:20:01","slug":"imagen-del-presidente-lasso-siguen-en-caida","status":"publish","type":"post","link":"https:\/\/www.lodelmomentoloja.com\/?p=9074","title":{"rendered":"Imagen del presidente Lasso siguen en ca\u00edda"},"content":{"rendered":"<div class=\"cxmmr5t8 oygrvhab hcukyx3x c1et5uql o9v6fnle ii04i59q\">\n<h3 dir=\"auto\">7 de cada 10 ecuatorianos desaprueba la gesti\u00f3n del Presidente Lasso.<\/h3>\n<div dir=\"auto\"><\/div>\n<div dir=\"auto\">La encuestadora <strong>Perfiles de Opini\u00f3n public\u00f3 las cifras de aceptaci\u00f3n del Presidente de la Rep\u00fablica, Guillermo Lasso<\/strong>, con corte al mes de abril 2022. En ella, este estudio se evidencia que la calificaci\u00f3n a la gesti\u00f3n del Primer Mandatario <strong>ha deca\u00eddo en m\u00e1s de 40 puntos<\/strong> en los \u00faltimos meses <strong>y, actualmente, tiene solo un 30% de aprobaci\u00f3n.<\/strong><\/div>\n<div dir=\"auto\"><\/div>\n<\/div>\n<div class=\"cxmmr5t8 oygrvhab hcukyx3x c1et5uql o9v6fnle ii04i59q\">\n<div dir=\"auto\"><strong>La encuesta se realiz\u00f3 del 22 al 25 de abril, a 617 hombres y mujeres, entre 18 y 65 a\u00f1os que viven en Quito y Guayaquil<\/strong>. Tiene un margen de error de +\/- 4.03% y un intervalo de confianza del 95%.<\/div>\n<div dir=\"auto\"><\/div>\n<\/div>\n<div class=\"cxmmr5t8 oygrvhab hcukyx3x c1et5uql o9v6fnle ii04i59q\">\n<div dir=\"auto\">La mayor desaprobaci\u00f3n del Presidente Lasso se da en Guayaquil, donde el 50,71% de encuestados califican como mala su gesti\u00f3n y el 18,51% como muy mala. En Quito, el 44,84% la califica como mala y el 18,16% como muy mala.<\/div>\n<div dir=\"auto\"><\/div>\n<\/div>\n<div class=\"cxmmr5t8 oygrvhab hcukyx3x c1et5uql o9v6fnle ii04i59q\">\n<div dir=\"auto\">Luego del proceso de vacunaci\u00f3n, la aceptaci\u00f3n de Guillermo Lasso ha deca\u00eddo notablemente. En julio del 2021, tras 2 meses de asumir el Gobierno, el presidente gozaba del 74% de aceptaci\u00f3n, pero, ahora, solo tiene el 30,82% de respaldo, a menos de un mes de cumplir su primer a\u00f1o de mandato.<\/div>\n<div dir=\"auto\"><\/div>\n<\/div>\n<div dir=\"auto\"><\/div>\n<div dir=\"auto\"><img loading=\"lazy\" decoding=\"async\" class=\"alignnone wp-image-9075 \" src=\"http:\/\/www.lodelmomentoloja.com\/wp-content\/uploads\/2022\/05\/trdsea-956x1024.jpg\" alt=\"\" width=\"589\" height=\"631\" srcset=\"https:\/\/www.lodelmomentoloja.com\/wp-content\/uploads\/2022\/05\/trdsea-956x1024.jpg 956w, https:\/\/www.lodelmomentoloja.com\/wp-content\/uploads\/2022\/05\/trdsea-280x300.jpg 280w, https:\/\/www.lodelmomentoloja.com\/wp-content\/uploads\/2022\/05\/trdsea-768x822.jpg 768w, https:\/\/www.lodelmomentoloja.com\/wp-content\/uploads\/2022\/05\/trdsea-640x685.jpg 640w, https:\/\/www.lodelmomentoloja.com\/wp-content\/uploads\/2022\/05\/trdsea.jpg 1018w\" sizes=\"(max-width: 589px) 100vw, 589px\" \/><\/div>\n<div class=\"cxmmr5t8 oygrvhab hcukyx3x c1et5uql o9v6fnle ii04i59q\">\n<div dir=\"auto\"><\/div>\n<\/div>\n<div class=\"cxmmr5t8 oygrvhab hcukyx3x c1et5uql o9v6fnle ii04i59q\">\n<div dir=\"auto\"><em>Fuente: Perfiles de Opini\u00f3n.<\/em><\/div>\n<div dir=\"auto\"><\/div>\n<div dir=\"auto\"><\/div>\n<\/div>\n<div dir=\"auto\"><em>S\u00edguenos #LDMnoticias \u00f3 #lodelmomentolojaLDM<\/em><\/div>\n","protected":false},"excerpt":{"rendered":"<p>7 de cada 10 ecuatorianos desaprueba la gesti\u00f3n del Presidente Lasso. La encuestadora Perfiles de&#8230;<\/p>\n","protected":false},"author":1,"featured_media":9076,"comment_status":"open","ping_status":"open","sticky":false,"template":"","format":"standard","meta":{"footnotes":""},"categories":[7,1],"tags":[],"class_list":["post-9074","post","type-post","status-publish","format-standard","has-post-thumbnail","hentry","category-ecuador","category-inicio"],"_links":{"self":[{"href":"https:\/\/www.lodelmomentoloja.com\/index.php?rest_route=\/wp\/v2\/posts\/9074"}],"collection":[{"href":"https:\/\/www.lodelmomentoloja.com\/index.php?rest_route=\/wp\/v2\/posts"}],"about":[{"href":"https:\/\/www.lodelmomentoloja.com\/index.php?rest_route=\/wp\/v2\/types\/post"}],"author":[{"embeddable":true,"href":"https:\/\/www.lodelmomentoloja.com\/index.php?rest_route=\/wp\/v2\/users\/1"}],"replies":[{"embeddable":true,"href":"https:\/\/www.lodelmomentoloja.com\/index.php?rest_route=%2Fwp%2Fv2%2Fcomments&post=9074"}],"version-history":[{"count":2,"href":"https:\/\/www.lodelmomentoloja.com\/index.php?rest_route=\/wp\/v2\/posts\/9074\/revisions"}],"predecessor-version":[{"id":9078,"href":"https:\/\/www.lodelmomentoloja.com\/index.php?rest_route=\/wp\/v2\/posts\/9074\/revisions\/9078"}],"wp:featuredmedia":[{"embeddable":true,"href":"https:\/\/www.lodelmomentoloja.com\/index.php?rest_route=\/wp\/v2\/media\/9076"}],"wp:attachment":[{"href":"https:\/\/www.lodelmomentoloja.com\/index.php?rest_route=%2Fwp%2Fv2%2Fmedia&parent=9074"}],"wp:term":[{"taxonomy":"category","embeddable":true,"href":"https:\/\/www.lodelmomentoloja.com\/index.php?rest_route=%2Fwp%2Fv2%2Fcategories&post=9074"},{"taxonomy":"post_tag","embeddable":true,"href":"https:\/\/www.lodelmomentoloja.com\/index.php?rest_route=%2Fwp%2Fv2%2Ftags&post=9074"}],"curies":[{"name":"wp","href":"https:\/\/api.w.org\/{rel}","templated":true}]}}