{"id":9071,"date":"2022-05-05T13:50:57","date_gmt":"2022-05-05T13:50:57","guid":{"rendered":"https:\/\/www.lodelmomentoloja.com\/?p=9071"},"modified":"2022-05-05T18:53:12","modified_gmt":"2022-05-05T18:53:12","slug":"fiscalia-pide-archivar-caso-de-jorge-glas","status":"publish","type":"post","link":"https:\/\/www.lodelmomentoloja.com\/?p=9071","title":{"rendered":"Fiscal\u00eda pide archivar caso de Jorge Glas"},"content":{"rendered":"<p>#Ecuador | La Fiscal\u00eda pidi\u00f3 el archivo de una investigaci\u00f3n previa sobre la concesi\u00f3n, por 50 a\u00f1os, de Puerto Bol\u00edvar a la empresa turca Yilport. Seg\u00fan el fiscal del caso, tras dos a\u00f1os de investigaci\u00f3n no se encontr\u00f3 ning\u00fan delito en contra del exvicepresidente Jorge Glas.<\/p>\n<p>R\u00f3mulo Tito Espinoza Torres, fiscal del caso Puerto Bol\u00edvar, solicit\u00f3 al juez que archive la investigaci\u00f3n previa que exist\u00eda en contra del exvicepresidente de la Rep\u00fablica, Jorge Glas, por la concesi\u00f3n de este puerto a la empresa turca Yilport.<\/p>\n<p>El funcionario detall\u00f3 que,\u00a0luego de dos a\u00f1os de investigaci\u00f3n, no se encontr\u00f3 ninguna irregularidad en este proceso de concesi\u00f3n.<\/p>\n<p>Espinoza ten\u00eda 47.000 archivos de investigaciones, incluido un informe de Contralor\u00eda que fue emitido en el 2020 y que aduc\u00eda tener indicios penales por la modificaci\u00f3n de una cl\u00e1usula en el proceso de la concesi\u00f3n, pero esta evidencia fue desestimada porque no se encontraron indicios penales en contra del exvicepresidente Glas.<\/p>\n<p>Ante esto, el fiscal remiti\u00f3 un escrito al juez y solicit\u00f3 una fecha para presentar sus argumentos y los resultados de una investigaci\u00f3n, pero el pedido de archivo de la investigaci\u00f3n cay\u00f3 en manos del juez R\u00f3mulo Espinoza Caicedo, familiar del fiscal. Por ello, se excus\u00f3 y pidi\u00f3 que se haga un nuevo sorteo. De momento, todav\u00eda no hay fecha para esta audiencia.<\/p>\n<p>Fuente: Expreso y Radio Pichincha<\/p>\n<p>www.lodelmomentoloja.com<\/p>\n<p>#LDMnoticias #lodelmomentolojaLDM<\/p>\n","protected":false},"excerpt":{"rendered":"<p>#Ecuador | La Fiscal\u00eda pidi\u00f3 el archivo de una investigaci\u00f3n previa sobre la concesi\u00f3n, por&#8230;<\/p>\n","protected":false},"author":1,"featured_media":9072,"comment_status":"open","ping_status":"open","sticky":false,"template":"","format":"standard","meta":{"footnotes":""},"categories":[7],"tags":[],"class_list":["post-9071","post","type-post","status-publish","format-standard","has-post-thumbnail","hentry","category-ecuador"],"_links":{"self":[{"href":"https:\/\/www.lodelmomentoloja.com\/index.php?rest_route=\/wp\/v2\/posts\/9071"}],"collection":[{"href":"https:\/\/www.lodelmomentoloja.com\/index.php?rest_route=\/wp\/v2\/posts"}],"about":[{"href":"https:\/\/www.lodelmomentoloja.com\/index.php?rest_route=\/wp\/v2\/types\/post"}],"author":[{"embeddable":true,"href":"https:\/\/www.lodelmomentoloja.com\/index.php?rest_route=\/wp\/v2\/users\/1"}],"replies":[{"embeddable":true,"href":"https:\/\/www.lodelmomentoloja.com\/index.php?rest_route=%2Fwp%2Fv2%2Fcomments&post=9071"}],"version-history":[{"count":1,"href":"https:\/\/www.lodelmomentoloja.com\/index.php?rest_route=\/wp\/v2\/posts\/9071\/revisions"}],"predecessor-version":[{"id":9073,"href":"https:\/\/www.lodelmomentoloja.com\/index.php?rest_route=\/wp\/v2\/posts\/9071\/revisions\/9073"}],"wp:featuredmedia":[{"embeddable":true,"href":"https:\/\/www.lodelmomentoloja.com\/index.php?rest_route=\/wp\/v2\/media\/9072"}],"wp:attachment":[{"href":"https:\/\/www.lodelmomentoloja.com\/index.php?rest_route=%2Fwp%2Fv2%2Fmedia&parent=9071"}],"wp:term":[{"taxonomy":"category","embeddable":true,"href":"https:\/\/www.lodelmomentoloja.com\/index.php?rest_route=%2Fwp%2Fv2%2Fcategories&post=9071"},{"taxonomy":"post_tag","embeddable":true,"href":"https:\/\/www.lodelmomentoloja.com\/index.php?rest_route=%2Fwp%2Fv2%2Ftags&post=9071"}],"curies":[{"name":"wp","href":"https:\/\/api.w.org\/{rel}","templated":true}]}}