{"id":905,"date":"2020-11-25T11:39:42","date_gmt":"2020-11-25T11:39:42","guid":{"rendered":"http:\/\/www.lodelmomentoloja.com\/?p=905"},"modified":"2020-11-25T16:41:11","modified_gmt":"2020-11-25T16:41:11","slug":"fallece-diego-armando-maradona","status":"publish","type":"post","link":"https:\/\/www.lodelmomentoloja.com\/?p=905","title":{"rendered":"Fallece Diego Armando  Maradona"},"content":{"rendered":"\n<p><a href=\"https:\/\/www.facebook.com\/hashtag\/internacional?__eep__=6&amp;__cft__[0]=AZXKzXjSVutKrvpxpgwhA6J6M3pvuxR-VjKNfmQ5rpUG6dNTUP8XXS2LgqHufL-iUzbp6P_GFFqInpVKP9d9IwCZNeB9fV0wWc8g1ZjmnZ014nG9vVNVbAb05Ss2dVlD6ABXYeB0vWTkPghM0T68RXT0_nPqckxFX4TpQja3o3bMtcP4u_dz21VAI8JNNdJOrjE&amp;__tn__=*NK-R\">#Internacional<\/a> | El mundo llora la muerte de Diego Armando Maradona.<\/p>\n\n\n\n<p>Diego Armando Maradona, de 60 a\u00f1os de edad falleci\u00f3 en la casa de Tigre en la que se encontraba habitando tras su operaci\u00f3n en la cabeza, sufri\u00f3 un paro cardiorrespiratorio.<\/p>\n\n\n\n<p>El campe\u00f3n del mundo con la selecci\u00f3n argentina se descompens\u00f3 en la ma\u00f1ana de este mi\u00e9rcoles en la casa del barrio San Andr\u00e9s, en el partido bonaerense de Tigre, donde viv\u00eda desde hac\u00eda algunos d\u00edas luego de haber sido operado de la cabeza.<\/p>\n\n\n\n<p>El 30 de octubre hab\u00eda cumplido 60 a\u00f1os, as\u00ed lo confirm\u00f3 Diario El Clar\u00edn. El mundo se encuentra consternado por su partida. <\/p>\n\n\n\n<p><a href=\"https:\/\/www.facebook.com\/hashtag\/ldmnoticias?__eep__=6&amp;__cft__[0]=AZXKzXjSVutKrvpxpgwhA6J6M3pvuxR-VjKNfmQ5rpUG6dNTUP8XXS2LgqHufL-iUzbp6P_GFFqInpVKP9d9IwCZNeB9fV0wWc8g1ZjmnZ014nG9vVNVbAb05Ss2dVlD6ABXYeB0vWTkPghM0T68RXT0_nPqckxFX4TpQja3o3bMtcP4u_dz21VAI8JNNdJOrjE&amp;__tn__=*NK-R\">#LDMnoticias<\/a><a href=\"https:\/\/www.facebook.com\/hashtag\/lodelmomentolojaldm?__eep__=6&amp;__cft__[0]=AZXKzXjSVutKrvpxpgwhA6J6M3pvuxR-VjKNfmQ5rpUG6dNTUP8XXS2LgqHufL-iUzbp6P_GFFqInpVKP9d9IwCZNeB9fV0wWc8g1ZjmnZ014nG9vVNVbAb05Ss2dVlD6ABXYeB0vWTkPghM0T68RXT0_nPqckxFX4TpQja3o3bMtcP4u_dz21VAI8JNNdJOrjE&amp;__tn__=*NK-R\"> <\/a><a href=\"https:\/\/www.facebook.com\/hashtag\/lodelmomentolojaldm?__eep__=6&amp;__cft__[0]=AZXKzXjSVutKrvpxpgwhA6J6M3pvuxR-VjKNfmQ5rpUG6dNTUP8XXS2LgqHufL-iUzbp6P_GFFqInpVKP9d9IwCZNeB9fV0wWc8g1ZjmnZ014nG9vVNVbAb05Ss2dVlD6ABXYeB0vWTkPghM0T68RXT0_nPqckxFX4TpQja3o3bMtcP4u_dz21VAI8JNNdJOrjE&amp;__tn__=*NK-R\">#lodelmomentolojaLDM<\/a><\/p>\n","protected":false},"excerpt":{"rendered":"<p>#Internacional | El mundo llora la muerte de Diego Armando Maradona. Diego Armando Maradona, de&#8230;<\/p>\n","protected":false},"author":1,"featured_media":906,"comment_status":"open","ping_status":"open","sticky":false,"template":"","format":"standard","meta":{"footnotes":""},"categories":[1],"tags":[],"class_list":["post-905","post","type-post","status-publish","format-standard","has-post-thumbnail","hentry","category-inicio"],"_links":{"self":[{"href":"https:\/\/www.lodelmomentoloja.com\/index.php?rest_route=\/wp\/v2\/posts\/905"}],"collection":[{"href":"https:\/\/www.lodelmomentoloja.com\/index.php?rest_route=\/wp\/v2\/posts"}],"about":[{"href":"https:\/\/www.lodelmomentoloja.com\/index.php?rest_route=\/wp\/v2\/types\/post"}],"author":[{"embeddable":true,"href":"https:\/\/www.lodelmomentoloja.com\/index.php?rest_route=\/wp\/v2\/users\/1"}],"replies":[{"embeddable":true,"href":"https:\/\/www.lodelmomentoloja.com\/index.php?rest_route=%2Fwp%2Fv2%2Fcomments&post=905"}],"version-history":[{"count":1,"href":"https:\/\/www.lodelmomentoloja.com\/index.php?rest_route=\/wp\/v2\/posts\/905\/revisions"}],"predecessor-version":[{"id":907,"href":"https:\/\/www.lodelmomentoloja.com\/index.php?rest_route=\/wp\/v2\/posts\/905\/revisions\/907"}],"wp:featuredmedia":[{"embeddable":true,"href":"https:\/\/www.lodelmomentoloja.com\/index.php?rest_route=\/wp\/v2\/media\/906"}],"wp:attachment":[{"href":"https:\/\/www.lodelmomentoloja.com\/index.php?rest_route=%2Fwp%2Fv2%2Fmedia&parent=905"}],"wp:term":[{"taxonomy":"category","embeddable":true,"href":"https:\/\/www.lodelmomentoloja.com\/index.php?rest_route=%2Fwp%2Fv2%2Fcategories&post=905"},{"taxonomy":"post_tag","embeddable":true,"href":"https:\/\/www.lodelmomentoloja.com\/index.php?rest_route=%2Fwp%2Fv2%2Ftags&post=905"}],"curies":[{"name":"wp","href":"https:\/\/api.w.org\/{rel}","templated":true}]}}