{"id":9007,"date":"2022-05-03T12:54:20","date_gmt":"2022-05-03T12:54:20","guid":{"rendered":"https:\/\/www.lodelmomentoloja.com\/?p=9007"},"modified":"2022-05-03T17:57:55","modified_gmt":"2022-05-03T17:57:55","slug":"conductor-acusado-de-violacion-a-una-estudiante-es-detenido","status":"publish","type":"post","link":"https:\/\/www.lodelmomentoloja.com\/?p=9007","title":{"rendered":"Conductor acusado de violaci\u00f3n a una estudiante es detenido"},"content":{"rendered":"<p>#Ecuador | El conductor que fue acusado de violaci\u00f3n a una estudiante de la ciudad de Quito fue detenido por la Polic\u00eda Nacional. As\u00ed lo informa la instituci\u00f3n en su cuenta de Twitter, este martes 3 de mayo del 2022.<\/p>\n<p>Patricio Carrillo, ministro del Interior, detall\u00f3 que el responsable fue detenido por agentes de la Polic\u00eda.<\/p>\n<p>\u201cLuego de la denuncia de violaci\u00f3n a una estudiante del colegio Dillon, la Polic\u00eda detuvo al acusado de este delito infame\u201d, subraya el Ministro.<\/p>\n<p>La Fiscal\u00eda dijo anteriormente que se activaron los protocolos para la b\u00fasqueda del conductor del transporte escolar, principal sospechoso de la violaci\u00f3n a la estudiante.<\/p>\n<p>El Ministerio de Educaci\u00f3n dijo que el sospechoso no est\u00e1 involucrado directamente con el plantel, pues el colegio era el responsable de la contrataci\u00f3n de los transportes escolares. La Cartera de Estado tampoco present\u00f3 datos sobre la compa\u00f1\u00eda que prestaba el servicio del recorrido en la instituci\u00f3n educativa.<\/p>\n<p>En este caso hay dos denuncias que se han presentado en la Fiscal\u00eda, el primero es realizado por los familiares de la v\u00edctima. La segunda fue interpuesta por la rectora del colegio un d\u00eda despu\u00e9s de la violaci\u00f3n a la estudiante. La funcionaria tambi\u00e9n fue sometida a un proceso administrativo.<\/p>\n<p>El Equipo de G\u00e9nero de la Fiscal\u00eda realiz\u00f3 el acompa\u00f1amiento a la v\u00edctima y a sus familiares desde el momento que se present\u00f3 la denuncia. Autoridades del Ministerio P\u00fablico hicieron seguimiento a la alumna agredida.<\/p>\n<p>Fuente: El Comercio<\/p>\n<p>&nbsp;<\/p>\n<p>www.lodelmomentoloja.com<\/p>\n<p>#LDMnoticias #lodelmomentolojaLDM<\/p>\n","protected":false},"excerpt":{"rendered":"<p>#Ecuador | El conductor que fue acusado de violaci\u00f3n a una estudiante de la ciudad&#8230;<\/p>\n","protected":false},"author":1,"featured_media":9008,"comment_status":"open","ping_status":"open","sticky":false,"template":"","format":"standard","meta":{"footnotes":""},"categories":[7],"tags":[],"class_list":["post-9007","post","type-post","status-publish","format-standard","has-post-thumbnail","hentry","category-ecuador"],"_links":{"self":[{"href":"https:\/\/www.lodelmomentoloja.com\/index.php?rest_route=\/wp\/v2\/posts\/9007"}],"collection":[{"href":"https:\/\/www.lodelmomentoloja.com\/index.php?rest_route=\/wp\/v2\/posts"}],"about":[{"href":"https:\/\/www.lodelmomentoloja.com\/index.php?rest_route=\/wp\/v2\/types\/post"}],"author":[{"embeddable":true,"href":"https:\/\/www.lodelmomentoloja.com\/index.php?rest_route=\/wp\/v2\/users\/1"}],"replies":[{"embeddable":true,"href":"https:\/\/www.lodelmomentoloja.com\/index.php?rest_route=%2Fwp%2Fv2%2Fcomments&post=9007"}],"version-history":[{"count":2,"href":"https:\/\/www.lodelmomentoloja.com\/index.php?rest_route=\/wp\/v2\/posts\/9007\/revisions"}],"predecessor-version":[{"id":9010,"href":"https:\/\/www.lodelmomentoloja.com\/index.php?rest_route=\/wp\/v2\/posts\/9007\/revisions\/9010"}],"wp:featuredmedia":[{"embeddable":true,"href":"https:\/\/www.lodelmomentoloja.com\/index.php?rest_route=\/wp\/v2\/media\/9008"}],"wp:attachment":[{"href":"https:\/\/www.lodelmomentoloja.com\/index.php?rest_route=%2Fwp%2Fv2%2Fmedia&parent=9007"}],"wp:term":[{"taxonomy":"category","embeddable":true,"href":"https:\/\/www.lodelmomentoloja.com\/index.php?rest_route=%2Fwp%2Fv2%2Fcategories&post=9007"},{"taxonomy":"post_tag","embeddable":true,"href":"https:\/\/www.lodelmomentoloja.com\/index.php?rest_route=%2Fwp%2Fv2%2Ftags&post=9007"}],"curies":[{"name":"wp","href":"https:\/\/api.w.org\/{rel}","templated":true}]}}