{"id":8999,"date":"2022-05-03T10:00:43","date_gmt":"2022-05-03T10:00:43","guid":{"rendered":"https:\/\/www.lodelmomentoloja.com\/?p=8999"},"modified":"2022-05-03T16:30:21","modified_gmt":"2022-05-03T16:30:21","slug":"declaraciones-de-lasso-le-acumulan-enemigos-politicos","status":"publish","type":"post","link":"https:\/\/www.lodelmomentoloja.com\/?p=8999","title":{"rendered":"Declaraciones de Lasso le acumulan enemigos pol\u00edticos"},"content":{"rendered":"<p>El presidente de la rep\u00fablica, Guillermo Lasso, sigue siendo un actor muy activo en lo que se refiere a criticar a los actores pol\u00edticos del Ecuador, ya que desde que asumi\u00f3 el sill\u00f3n de Carondelet sus conflictos no han parado, sobre todo en espacios donde se tratan diversos temas relacionados al pa\u00eds, uno de ellos, el habitual espacio &#8220;Encontr\u00e9monos con la ciudadan\u00eda&#8221;, lo que ha dejado una inestabilidad relaci\u00f3n pol\u00edtica en su gobierno.<\/p>\n<p>&nbsp;<\/p>\n<h3>CRONOLOG\u00cdA DE SUS CONFLICTOS<\/h3>\n<p>En octubre 2021, el espacio que recordaba las protestas del 2019, <strong>Guillermo Lasso empezaba<\/strong> con uno de sus primeros conflictos y <strong>su primer cr\u00edtica fue contra el l\u00edder ind\u00edgena Leonidas Iza<\/strong>, con quien sostuvo negociaciones tras las protestas contra el alza de los combustibles, <strong>acus\u00e1ndolo querer generar anarqu\u00eda en el Ecuador<\/strong>, e Iza le\u00a0respondi\u00f3: &#8220;presidente de la rep\u00fablica, no tenga esa actitud fascista. Eso simplemente demuestra la incapacidad de resolver los problemas de los ecuatorianos&#8221;.<\/p>\n<p>Posteriormente, una investigaci\u00f3n donde centenares de periodistas del mundo expon\u00edan a figuras pol\u00edticas de estar involucrados de evadir impuestos por medio de para\u00edsos fiscales con <strong>la denominada nota<\/strong> &#8220;<strong>Pandora Papers<\/strong>&#8220;,\u00a0 el presidente Lasso, quien era incluido en dicha lista, el presidente mediante una entrevista con Carlos Vera, <strong>carg\u00f3 duramente contra Rafael Correa, a quien lo acus\u00f3 de estar detr\u00e1s de intentar un &#8220;golpe institucional&#8221;<\/strong> y rechaz\u00f3 las acusaciones vertidas contra \u00e9l con respecto al reportaje. Correa reaccion\u00f3 a las declaraciones de Lasso para criticar lo que ha descrito como &#8220;una entrevista con un pseudo periodista de un canal del Estado que gana 26.000 d\u00f3lares mensuales del pueblo ecuatoriano&#8221;. &#8220;Lasso nos record\u00f3 a (el expresidente Len\u00edn) Moreno: Los mismos insultos, nivel intelectual y moral&#8221;, dijo en su cuenta de twitter.<\/p>\n<p>Seguidamente, en el mismo mes, el presidente hizo una nueva ocupaci\u00f3n para tres l\u00edderes pol\u00edticos desestabilizadores, &#8220;<strong>Esta conspiraci\u00f3n comienza con Correa, contin\u00faa con Nebot y le sigue Iza<\/strong>, que son los tres interesados en dar un golpe institucional en Ecuador&#8221;, ha dicho, al tiempo que ha hablado de &#8220;ataques concertados&#8221; desde el 18 de septiembre 2021, al cual lo <strong>tild\u00f3 de ser el triunvirato de la conspiraci\u00f3n<\/strong>. Lasso criticaba a Iza de &#8220;querer calentar las calles&#8221; y ha subrayado que &#8220;esta trilog\u00eda coincide en una causa: golpear a la democracia&#8221;. &#8220;No a trav\u00e9s del t\u00edpico golpe militar del siglo pasado, sino queriendo apelar a la Constituci\u00f3n porque tienen una mayor\u00eda de votos&#8221;.<\/p>\n<p>Iniciando este nuevo a\u00f1o, las tensiones entre el Ejecutivo y Legislativo era otro problema que crec\u00eda exponencialmente, se comenzaba hablar de una posible muerte cruzada y entre estos tiempo de incertidumbre, Lasso arremeti\u00f3 contra los frentes pol\u00edticos de la Asamblea, en la que mediante unas declaraciones en\u00e9rgicas, Lasso acus\u00f3 de &#8220;corruptos y de pedirle dinero&#8221; a seis asamble\u00edstas de Pachakutik por intentar mediar sus votos a cambio de favores pol\u00edticos. En este mismo contexto, tambi\u00e9n fue contra Xavier Herbas, formalizando la <strong>denuncia\u00a0<\/strong>en contra del excandidato presidencial de la Izquierda Democr\u00e1tica, por una presunta defraudaci\u00f3n tributaria.<\/p>\n<p>Lo m\u00e1s reciente, fueron las \u00faltimas declaraciones que hizo fuertes declaraciones contra el exalcalde de Guayaquil, Jaime Nebot, expresando que le faltaron \u201chuevos\u201d para ser candidato y la denuncia sobre el no pago de impuestos por parte del banquero Fidel Egas, quien es propietario del Banco de Guayaquil y Teleamazonas, estas declaraciones se han hecho pol\u00e9mica, dejando de lado las <strong>prioridades\u00a0<\/strong>en el\u00a0<strong>momento cr\u00edtico<\/strong> que vive el pa\u00eds.<\/p>\n<p>&nbsp;<\/p>\n<p>Mientras estos conflictos sigan creciendo entre el presidente Lasso y sus rivales pol\u00edticos, el panorama democr\u00e1tico seguir\u00e1 siendo un incierto al futuro para el gobierno y su proyecci\u00f3n en el Ecuador.<\/p>\n<p>&nbsp;<\/p>\n<p><em>S\u00edguenos #LDMnoticias \u00f3 #lodelmomentolojaLDM<\/em><\/p>\n","protected":false},"excerpt":{"rendered":"<p>El presidente de la rep\u00fablica, Guillermo Lasso, sigue siendo un actor muy activo en lo&#8230;<\/p>\n","protected":false},"author":1,"featured_media":9000,"comment_status":"open","ping_status":"open","sticky":false,"template":"","format":"standard","meta":{"footnotes":""},"categories":[7,1],"tags":[],"class_list":["post-8999","post","type-post","status-publish","format-standard","has-post-thumbnail","hentry","category-ecuador","category-inicio"],"_links":{"self":[{"href":"https:\/\/www.lodelmomentoloja.com\/index.php?rest_route=\/wp\/v2\/posts\/8999"}],"collection":[{"href":"https:\/\/www.lodelmomentoloja.com\/index.php?rest_route=\/wp\/v2\/posts"}],"about":[{"href":"https:\/\/www.lodelmomentoloja.com\/index.php?rest_route=\/wp\/v2\/types\/post"}],"author":[{"embeddable":true,"href":"https:\/\/www.lodelmomentoloja.com\/index.php?rest_route=\/wp\/v2\/users\/1"}],"replies":[{"embeddable":true,"href":"https:\/\/www.lodelmomentoloja.com\/index.php?rest_route=%2Fwp%2Fv2%2Fcomments&post=8999"}],"version-history":[{"count":3,"href":"https:\/\/www.lodelmomentoloja.com\/index.php?rest_route=\/wp\/v2\/posts\/8999\/revisions"}],"predecessor-version":[{"id":9006,"href":"https:\/\/www.lodelmomentoloja.com\/index.php?rest_route=\/wp\/v2\/posts\/8999\/revisions\/9006"}],"wp:featuredmedia":[{"embeddable":true,"href":"https:\/\/www.lodelmomentoloja.com\/index.php?rest_route=\/wp\/v2\/media\/9000"}],"wp:attachment":[{"href":"https:\/\/www.lodelmomentoloja.com\/index.php?rest_route=%2Fwp%2Fv2%2Fmedia&parent=8999"}],"wp:term":[{"taxonomy":"category","embeddable":true,"href":"https:\/\/www.lodelmomentoloja.com\/index.php?rest_route=%2Fwp%2Fv2%2Fcategories&post=8999"},{"taxonomy":"post_tag","embeddable":true,"href":"https:\/\/www.lodelmomentoloja.com\/index.php?rest_route=%2Fwp%2Fv2%2Ftags&post=8999"}],"curies":[{"name":"wp","href":"https:\/\/api.w.org\/{rel}","templated":true}]}}