{"id":8996,"date":"2022-05-03T08:30:47","date_gmt":"2022-05-03T08:30:47","guid":{"rendered":"https:\/\/www.lodelmomentoloja.com\/?p=8996"},"modified":"2022-05-03T13:59:18","modified_gmt":"2022-05-03T13:59:18","slug":"podcast-mas-largo-del-mundo-recordmunidal","status":"publish","type":"post","link":"https:\/\/www.lodelmomentoloja.com\/?p=8996","title":{"rendered":"Consejo de Comunicaci\u00f3n busca romper un r\u00e9cord mundial"},"content":{"rendered":"<h2 class=\"has-text-align-center\"><strong>\u2018<\/strong><strong>El Podcast m\u00e1s largo del mundo\u2019 se realizar\u00e1 en Ecuador.<\/strong><\/h2>\n<p class=\"justificar\">Con motivo de la conmemoraci\u00f3n del D\u00eda Mundial por la Libertad de Prensa, el Consejo de Comunicaci\u00f3n desarrollar\u00e1 un evento sin precedentes: \u201cEl Podcast m\u00e1s largo del Mundo\u201d.<\/p>\n<p class=\"justificar\">Ser\u00e1n m\u00e1s de 30 horas de transmisi\u00f3n continua, que arrancar\u00e1n a las 10:00 de este mi\u00e9rcoles 3 de mayo y se extender\u00e1 hasta las 20:00 del jueves 4 de mayo de 2022.<\/p>\n<p class=\"justificar\">El podcast estar\u00e1 dividido en 15 segmentos de dos horas, cada uno, para tratar sobre periodismo, comunicaci\u00f3n, libertad de expresi\u00f3n y protecci\u00f3n a periodistas y m\u00e1s.<\/p>\n<p class=\"justificar\">Destacados comunicadores y periodistas de medios de comunicaci\u00f3n nacional e internacional y reconocidas personalidades del pa\u00eds participar\u00e1n en esta iniciativa, sin precedentes, con la que se busca romper un r\u00e9cord mundial. En noviembre de 2021 se realiz\u00f3 \u201cEl Podcast m\u00e1s largo del mundo\u201d, en Madrid, Espa\u00f1a, y tuvo una transmisi\u00f3n ininterrumpida de 24 horas.<\/p>\n<p class=\"justificar\">Con el Podcast del Consejo de Comunicaci\u00f3n, dirigido por la Presidenta Jeannine Cruz, se busca visibilizar el ejercicio period\u00edstico en su total dimensi\u00f3n, con sus encantos, sus obst\u00e1culos y desde las voces de quienes, d\u00eda a d\u00eda, est\u00e1n relacionados con este oficio y lo enaltecen.<\/p>\n<p class=\"justificar\">Cada 3 de mayo se celebra el D\u00eda Mundial por la Libertad de Prensa, tras la Resoluci\u00f3n adoptada en la sesi\u00f3n 26 de la Conferencia General de la Organizaci\u00f3n de las Naciones Unidas para la Educaci\u00f3n, la Ciencia y la Cultura (Unesco), realizada en Windhoek (Namibia), en 1991.<\/p>\n<p class=\"justificar\">Se promovi\u00f3 el concepto de \u201cla informaci\u00f3n como un bien com\u00fan\u201d y se enfatiz\u00f3 que \u201cLa tendencia mundial hacia la democracia y la libertad de informaci\u00f3n y de expresi\u00f3n es una contribuci\u00f3n fundamental a la realizaci\u00f3n de las aspiraciones de la humanidad\u201d, tal como lo se\u00f1ala el n\u00famero 5 de dicha resoluci\u00f3n.<\/p>\n<p>&nbsp;<\/p>\n<p><em>S\u00edguenos LDMnoticias \u00f3 #lodelmomentolojaLDM<\/em><\/p>\n","protected":false},"excerpt":{"rendered":"<p>\u2018El Podcast m\u00e1s largo del mundo\u2019 se realizar\u00e1 en Ecuador. Con motivo de la conmemoraci\u00f3n&#8230;<\/p>\n","protected":false},"author":1,"featured_media":8997,"comment_status":"open","ping_status":"open","sticky":false,"template":"","format":"standard","meta":{"footnotes":""},"categories":[7,1],"tags":[],"class_list":["post-8996","post","type-post","status-publish","format-standard","has-post-thumbnail","hentry","category-ecuador","category-inicio"],"_links":{"self":[{"href":"https:\/\/www.lodelmomentoloja.com\/index.php?rest_route=\/wp\/v2\/posts\/8996"}],"collection":[{"href":"https:\/\/www.lodelmomentoloja.com\/index.php?rest_route=\/wp\/v2\/posts"}],"about":[{"href":"https:\/\/www.lodelmomentoloja.com\/index.php?rest_route=\/wp\/v2\/types\/post"}],"author":[{"embeddable":true,"href":"https:\/\/www.lodelmomentoloja.com\/index.php?rest_route=\/wp\/v2\/users\/1"}],"replies":[{"embeddable":true,"href":"https:\/\/www.lodelmomentoloja.com\/index.php?rest_route=%2Fwp%2Fv2%2Fcomments&post=8996"}],"version-history":[{"count":1,"href":"https:\/\/www.lodelmomentoloja.com\/index.php?rest_route=\/wp\/v2\/posts\/8996\/revisions"}],"predecessor-version":[{"id":8998,"href":"https:\/\/www.lodelmomentoloja.com\/index.php?rest_route=\/wp\/v2\/posts\/8996\/revisions\/8998"}],"wp:featuredmedia":[{"embeddable":true,"href":"https:\/\/www.lodelmomentoloja.com\/index.php?rest_route=\/wp\/v2\/media\/8997"}],"wp:attachment":[{"href":"https:\/\/www.lodelmomentoloja.com\/index.php?rest_route=%2Fwp%2Fv2%2Fmedia&parent=8996"}],"wp:term":[{"taxonomy":"category","embeddable":true,"href":"https:\/\/www.lodelmomentoloja.com\/index.php?rest_route=%2Fwp%2Fv2%2Fcategories&post=8996"},{"taxonomy":"post_tag","embeddable":true,"href":"https:\/\/www.lodelmomentoloja.com\/index.php?rest_route=%2Fwp%2Fv2%2Ftags&post=8996"}],"curies":[{"name":"wp","href":"https:\/\/api.w.org\/{rel}","templated":true}]}}