{"id":8967,"date":"2022-04-29T09:04:46","date_gmt":"2022-04-29T09:04:46","guid":{"rendered":"https:\/\/www.lodelmomentoloja.com\/?p=8967"},"modified":"2022-04-29T14:07:51","modified_gmt":"2022-04-29T14:07:51","slug":"seguira-siendo-obligatorio-el-uso-de-mascarilla-en-quito","status":"publish","type":"post","link":"https:\/\/www.lodelmomentoloja.com\/?p=8967","title":{"rendered":"Seguir\u00e1 siendo obligatorio el uso de mascarilla en Quito."},"content":{"rendered":"<p>#Ecuador | El Municipio de Quito inform\u00f3 que la capital permanecer\u00e1 con la obligaci\u00f3n de uso de mascarilla. El anuncio se dio en horas de la noche, despu\u00e9s de que el presidente Guillermo Lasso se\u00f1alara en rueda de prensa en la tarde, que se eliminaba la medida para todo el territorio ecuatoriano.<\/p>\n<p>A trav\u00e9s de un comunicado, el Municipio se\u00f1al\u00f3 que \u201cel uso de la mascarilla es obligatorio en el Distrito Metropolitano de Quito, conforme lo establece la Ordenanza Metropolitana 010-2020\u2033.<\/p>\n<p>Adem\u00e1s se se\u00f1al\u00f3 que este viernes 29 de abril de 2022 \u201ca las 16:00, se ha convocado a una Plenaria del COE Metropolitano para analizar la situaci\u00f3n epidemiol\u00f3gica del Distrito Metropolitano de Quito y la Resoluci\u00f3n emitida por el COE Nacional el 28 de abril de 2022\u2033.<\/p>\n<p>V\u00eda: Radio Din\u00e1mica<\/p>\n<p>www.lodelmomentoloja.com<\/p>\n<p>#LDMnoticias #lodelmomentolojaLDM<\/p>\n","protected":false},"excerpt":{"rendered":"<p>#Ecuador | El Municipio de Quito inform\u00f3 que la capital permanecer\u00e1 con la obligaci\u00f3n de&#8230;<\/p>\n","protected":false},"author":1,"featured_media":8968,"comment_status":"open","ping_status":"open","sticky":false,"template":"","format":"standard","meta":{"footnotes":""},"categories":[7],"tags":[],"class_list":["post-8967","post","type-post","status-publish","format-standard","has-post-thumbnail","hentry","category-ecuador"],"_links":{"self":[{"href":"https:\/\/www.lodelmomentoloja.com\/index.php?rest_route=\/wp\/v2\/posts\/8967"}],"collection":[{"href":"https:\/\/www.lodelmomentoloja.com\/index.php?rest_route=\/wp\/v2\/posts"}],"about":[{"href":"https:\/\/www.lodelmomentoloja.com\/index.php?rest_route=\/wp\/v2\/types\/post"}],"author":[{"embeddable":true,"href":"https:\/\/www.lodelmomentoloja.com\/index.php?rest_route=\/wp\/v2\/users\/1"}],"replies":[{"embeddable":true,"href":"https:\/\/www.lodelmomentoloja.com\/index.php?rest_route=%2Fwp%2Fv2%2Fcomments&post=8967"}],"version-history":[{"count":1,"href":"https:\/\/www.lodelmomentoloja.com\/index.php?rest_route=\/wp\/v2\/posts\/8967\/revisions"}],"predecessor-version":[{"id":8969,"href":"https:\/\/www.lodelmomentoloja.com\/index.php?rest_route=\/wp\/v2\/posts\/8967\/revisions\/8969"}],"wp:featuredmedia":[{"embeddable":true,"href":"https:\/\/www.lodelmomentoloja.com\/index.php?rest_route=\/wp\/v2\/media\/8968"}],"wp:attachment":[{"href":"https:\/\/www.lodelmomentoloja.com\/index.php?rest_route=%2Fwp%2Fv2%2Fmedia&parent=8967"}],"wp:term":[{"taxonomy":"category","embeddable":true,"href":"https:\/\/www.lodelmomentoloja.com\/index.php?rest_route=%2Fwp%2Fv2%2Fcategories&post=8967"},{"taxonomy":"post_tag","embeddable":true,"href":"https:\/\/www.lodelmomentoloja.com\/index.php?rest_route=%2Fwp%2Fv2%2Ftags&post=8967"}],"curies":[{"name":"wp","href":"https:\/\/api.w.org\/{rel}","templated":true}]}}