{"id":8964,"date":"2022-04-28T17:49:36","date_gmt":"2022-04-28T17:49:36","guid":{"rendered":"https:\/\/www.lodelmomentoloja.com\/?p=8964"},"modified":"2022-04-28T22:51:01","modified_gmt":"2022-04-28T22:51:01","slug":"rafael-correa-quiere-volver-a-ecuador","status":"publish","type":"post","link":"https:\/\/www.lodelmomentoloja.com\/?p=8964","title":{"rendered":"Rafael Correa quiere volver a Ecuador"},"content":{"rendered":"<p>#Internacional |<\/p>\n<p>El expresidente ecuatoriano Rafael Correa mostr\u00f3 este mi\u00e9rcoles su convencimiento de que Ecuador solo superar\u00e1 sus problemas con una victoria de la izquierda en las urnas, algo que querr\u00eda apoyar viajando a su pa\u00eds ya que, seg\u00fan dijo en una entrevista con Efe, \u201cel que tiene el capital pol\u00edtico soy yo\u201d.<\/p>\n<p>\u201cCon toda humildad pero objetivamente, el que tiene el capital pol\u00edtico soy yo. Y una cosa es una elecci\u00f3n con Correa en Ecuador y, otra, sin Correa en Ecuador\u201d, consider\u00f3 el exmandatario (2007-2017) tras conocerse que B\u00e9lgica le ha concedido el asilo.<\/p>\n<p>Correa dijo tener \u201cmuy claro\u201d que, \u201cpara que acabe esta persecuci\u00f3n brutal y la destrucci\u00f3n\u00bb de su patria, necesita \u00abganar las elecciones, y si por eso -dijo- tengo que regresar, ah\u00ed estar\u00e9\u201d.<\/p>\n<p>V\u00eda: La Rep\u00fablica Ec.<\/p>\n<p>www.lodelmomentoloja.com<\/p>\n<p>#LDMnoticias #lodelmomentolojaLDM<\/p>\n","protected":false},"excerpt":{"rendered":"<p>#Internacional | El expresidente ecuatoriano Rafael Correa mostr\u00f3 este mi\u00e9rcoles su convencimiento de que Ecuador&#8230;<\/p>\n","protected":false},"author":1,"featured_media":8965,"comment_status":"open","ping_status":"open","sticky":false,"template":"","format":"standard","meta":{"footnotes":""},"categories":[4],"tags":[],"class_list":["post-8964","post","type-post","status-publish","format-standard","has-post-thumbnail","hentry","category-internacional"],"_links":{"self":[{"href":"https:\/\/www.lodelmomentoloja.com\/index.php?rest_route=\/wp\/v2\/posts\/8964"}],"collection":[{"href":"https:\/\/www.lodelmomentoloja.com\/index.php?rest_route=\/wp\/v2\/posts"}],"about":[{"href":"https:\/\/www.lodelmomentoloja.com\/index.php?rest_route=\/wp\/v2\/types\/post"}],"author":[{"embeddable":true,"href":"https:\/\/www.lodelmomentoloja.com\/index.php?rest_route=\/wp\/v2\/users\/1"}],"replies":[{"embeddable":true,"href":"https:\/\/www.lodelmomentoloja.com\/index.php?rest_route=%2Fwp%2Fv2%2Fcomments&post=8964"}],"version-history":[{"count":1,"href":"https:\/\/www.lodelmomentoloja.com\/index.php?rest_route=\/wp\/v2\/posts\/8964\/revisions"}],"predecessor-version":[{"id":8966,"href":"https:\/\/www.lodelmomentoloja.com\/index.php?rest_route=\/wp\/v2\/posts\/8964\/revisions\/8966"}],"wp:featuredmedia":[{"embeddable":true,"href":"https:\/\/www.lodelmomentoloja.com\/index.php?rest_route=\/wp\/v2\/media\/8965"}],"wp:attachment":[{"href":"https:\/\/www.lodelmomentoloja.com\/index.php?rest_route=%2Fwp%2Fv2%2Fmedia&parent=8964"}],"wp:term":[{"taxonomy":"category","embeddable":true,"href":"https:\/\/www.lodelmomentoloja.com\/index.php?rest_route=%2Fwp%2Fv2%2Fcategories&post=8964"},{"taxonomy":"post_tag","embeddable":true,"href":"https:\/\/www.lodelmomentoloja.com\/index.php?rest_route=%2Fwp%2Fv2%2Ftags&post=8964"}],"curies":[{"name":"wp","href":"https:\/\/api.w.org\/{rel}","templated":true}]}}