{"id":8957,"date":"2022-04-28T12:31:15","date_gmt":"2022-04-28T12:31:15","guid":{"rendered":"https:\/\/www.lodelmomentoloja.com\/?p=8957"},"modified":"2022-04-28T17:32:31","modified_gmt":"2022-04-28T17:32:31","slug":"ecuador-deja-la-obligatoriedad-de-las-mascarillas-en-espacios-publicos","status":"publish","type":"post","link":"https:\/\/www.lodelmomentoloja.com\/?p=8957","title":{"rendered":"Ecuador deja la obligatoriedad de las mascarillas en espacios p\u00fablicos"},"content":{"rendered":"<p>#Loja | Ecuador deja la mascarilla obligatoria en espacios p\u00fablicos.<\/p>\n<p>El Comit\u00e9 de Operaciones de Emergencias (COE) Nacional a trav\u00e9s de una resoluci\u00f3n emitida este 28 de Abril del 2022, mencion\u00f3 que a nivel nacional, el uso de mascarilla en espacios p\u00fablicos deja de ser obligatorio.<\/p>\n<p>Esto tras el \u00faltimo informe sanitario presentado por el subsecretario de Salud P\u00fablica, Francisco P\u00e9rez, en donde se\u00f1ala que todos los indicadores epidemiol\u00f3gicos siguen a la baja, adem\u00e1s que la positividad viral se ha mantenido en un 5% con pruebas PCR durante cuatro semanas consecutivas y en pruebas ant\u00edgeno el 4%.<\/p>\n<p>Con esta decisi\u00f3n Ecuador se suma a otros pa\u00edses del mundo tales como, Per\u00fa, Paraguay, Chile, Inlgaterra, Francia, Italia, Grecia, Espa\u00f1a, entre otros, que decidieron dejar el uso de mascarilla obligatorio en espacios abiertos.<\/p>\n<p>www.lodelmomentoloja.com<br \/>\n#LDMnoticias #lodelmomentolojaLDM<\/p>\n","protected":false},"excerpt":{"rendered":"<p>#Loja | Ecuador deja la mascarilla obligatoria en espacios p\u00fablicos. El Comit\u00e9 de Operaciones de&#8230;<\/p>\n","protected":false},"author":1,"featured_media":8958,"comment_status":"open","ping_status":"open","sticky":false,"template":"","format":"standard","meta":{"footnotes":""},"categories":[7],"tags":[],"class_list":["post-8957","post","type-post","status-publish","format-standard","has-post-thumbnail","hentry","category-ecuador"],"_links":{"self":[{"href":"https:\/\/www.lodelmomentoloja.com\/index.php?rest_route=\/wp\/v2\/posts\/8957"}],"collection":[{"href":"https:\/\/www.lodelmomentoloja.com\/index.php?rest_route=\/wp\/v2\/posts"}],"about":[{"href":"https:\/\/www.lodelmomentoloja.com\/index.php?rest_route=\/wp\/v2\/types\/post"}],"author":[{"embeddable":true,"href":"https:\/\/www.lodelmomentoloja.com\/index.php?rest_route=\/wp\/v2\/users\/1"}],"replies":[{"embeddable":true,"href":"https:\/\/www.lodelmomentoloja.com\/index.php?rest_route=%2Fwp%2Fv2%2Fcomments&post=8957"}],"version-history":[{"count":1,"href":"https:\/\/www.lodelmomentoloja.com\/index.php?rest_route=\/wp\/v2\/posts\/8957\/revisions"}],"predecessor-version":[{"id":8959,"href":"https:\/\/www.lodelmomentoloja.com\/index.php?rest_route=\/wp\/v2\/posts\/8957\/revisions\/8959"}],"wp:featuredmedia":[{"embeddable":true,"href":"https:\/\/www.lodelmomentoloja.com\/index.php?rest_route=\/wp\/v2\/media\/8958"}],"wp:attachment":[{"href":"https:\/\/www.lodelmomentoloja.com\/index.php?rest_route=%2Fwp%2Fv2%2Fmedia&parent=8957"}],"wp:term":[{"taxonomy":"category","embeddable":true,"href":"https:\/\/www.lodelmomentoloja.com\/index.php?rest_route=%2Fwp%2Fv2%2Fcategories&post=8957"},{"taxonomy":"post_tag","embeddable":true,"href":"https:\/\/www.lodelmomentoloja.com\/index.php?rest_route=%2Fwp%2Fv2%2Ftags&post=8957"}],"curies":[{"name":"wp","href":"https:\/\/api.w.org\/{rel}","templated":true}]}}