{"id":8953,"date":"2022-04-28T10:00:04","date_gmt":"2022-04-28T10:00:04","guid":{"rendered":"https:\/\/www.lodelmomentoloja.com\/?p=8953"},"modified":"2022-04-28T16:16:35","modified_gmt":"2022-04-28T16:16:35","slug":"siguen-renunciando-al-gobierno-del-presidente-lasso","status":"publish","type":"post","link":"https:\/\/www.lodelmomentoloja.com\/?p=8953","title":{"rendered":"Siguen renunciando al gobierno del presidente Lasso"},"content":{"rendered":"<p>La situaci\u00f3n que cursan los funcionarios al gobierno del presidente Guillermo Lasso es incierta, en las \u00faltimas horas se han anunciado las renuncias de tres carteras de estado, la primera fue <strong>Luis Hern\u00e1ndez, quien se desempe\u00f1aba como Ministro de Defensa, expuso su renuncia<\/strong> alrededor de serios cuestionamientos por el caso Don Naza y los radares, que hicieron que sus escasos seis meses frente de esa cartera de estado llegue a su fin y as\u00ed, darle paso a Luis Jaramillo, quien se desempe\u00f1\u00f3 como como Jefe el Comando Conjunto de las Fuerzas Armadas en el Gobierno de Lenin Moreno; <strong>otra de las bajas es Juan Carlos Bermeo al frente del Ministerio de Energ\u00eda y Minas, <\/strong>esto, en un previo juicio pol\u00edtico que estaban realizando en su contra desde la Asamblea Nacional, quedando como su reemplazo su viceministro de Minas, Xavier Vera; y la <strong>reciente baja de Bernarda Ordo\u00f1ez al frente de la Secretaria de los Derechos Humanos<\/strong>, la misma que justifica su salida por &#8220;<strong>irreconciliables diferencias<\/strong>\u00a0con la nueva visi\u00f3n del Gobierno. De las cu\u00e1les es dif\u00edcil compartir, por esto damos un paso al costado&#8221;.<\/p>\n<p>A\u00fan se desconoce si habr\u00e1n m\u00e1s bajas en el Gobierno antes de cerrar el primer a\u00f1o a frente del sill\u00f3n de Carondelet, lo que si es visible, es la declinaci\u00f3n paulatina de importantes cargos que dejan un mal sabor a lo que ser\u00eda una estabilidad pol\u00edtica y de trabajo para llevar una labor eficiente en beneficio de los ecuatoriano.<\/p>\n<p>&nbsp;<\/p>\n<p>S\u00edguenos #LDMnoticias \u00f3 #lodelmomentolojaLDM<\/p>\n","protected":false},"excerpt":{"rendered":"<p>La situaci\u00f3n que cursan los funcionarios al gobierno del presidente Guillermo Lasso es incierta, en&#8230;<\/p>\n","protected":false},"author":1,"featured_media":8954,"comment_status":"open","ping_status":"open","sticky":false,"template":"","format":"standard","meta":{"footnotes":""},"categories":[7,1],"tags":[],"class_list":["post-8953","post","type-post","status-publish","format-standard","has-post-thumbnail","hentry","category-ecuador","category-inicio"],"_links":{"self":[{"href":"https:\/\/www.lodelmomentoloja.com\/index.php?rest_route=\/wp\/v2\/posts\/8953"}],"collection":[{"href":"https:\/\/www.lodelmomentoloja.com\/index.php?rest_route=\/wp\/v2\/posts"}],"about":[{"href":"https:\/\/www.lodelmomentoloja.com\/index.php?rest_route=\/wp\/v2\/types\/post"}],"author":[{"embeddable":true,"href":"https:\/\/www.lodelmomentoloja.com\/index.php?rest_route=\/wp\/v2\/users\/1"}],"replies":[{"embeddable":true,"href":"https:\/\/www.lodelmomentoloja.com\/index.php?rest_route=%2Fwp%2Fv2%2Fcomments&post=8953"}],"version-history":[{"count":2,"href":"https:\/\/www.lodelmomentoloja.com\/index.php?rest_route=\/wp\/v2\/posts\/8953\/revisions"}],"predecessor-version":[{"id":8956,"href":"https:\/\/www.lodelmomentoloja.com\/index.php?rest_route=\/wp\/v2\/posts\/8953\/revisions\/8956"}],"wp:featuredmedia":[{"embeddable":true,"href":"https:\/\/www.lodelmomentoloja.com\/index.php?rest_route=\/wp\/v2\/media\/8954"}],"wp:attachment":[{"href":"https:\/\/www.lodelmomentoloja.com\/index.php?rest_route=%2Fwp%2Fv2%2Fmedia&parent=8953"}],"wp:term":[{"taxonomy":"category","embeddable":true,"href":"https:\/\/www.lodelmomentoloja.com\/index.php?rest_route=%2Fwp%2Fv2%2Fcategories&post=8953"},{"taxonomy":"post_tag","embeddable":true,"href":"https:\/\/www.lodelmomentoloja.com\/index.php?rest_route=%2Fwp%2Fv2%2Ftags&post=8953"}],"curies":[{"name":"wp","href":"https:\/\/api.w.org\/{rel}","templated":true}]}}