{"id":8949,"date":"2022-04-28T09:00:49","date_gmt":"2022-04-28T09:00:49","guid":{"rendered":"https:\/\/www.lodelmomentoloja.com\/?p=8949"},"modified":"2022-04-28T14:56:53","modified_gmt":"2022-04-28T14:56:53","slug":"guillermo-lasso-cambia-la-fecha-de-su-llegada-a-loja","status":"publish","type":"post","link":"https:\/\/www.lodelmomentoloja.com\/?p=8949","title":{"rendered":"Guillermo Lasso cambia la fecha de su llegada a Loja"},"content":{"rendered":"<p>Desde el partido pol\u00edtico de Gobierno en Loja, anuncian que el presidente Guillermo Lasso cambi\u00f3 su fecha de arribo por un d\u00eda m\u00e1s, ya que ten\u00eda previsto estar el jueves 28 de abril, pero por supuestos temas de salud, cambiar\u00e1 para el viernes 29 y 30 de abril 2022, con la finalidad de cumplir la agenda que se ten\u00eda prevista en su visita a la castellana.<\/p>\n<p><strong>Dentro de su agenda<\/strong>, como lo hab\u00eda explicado el Gobernador de la provincia de Loja, los sitios que visitar\u00e1 Lasso no han cambiado, a la Central E\u00f3lica Villonaco para ser parte de la firma del contrato del nuevo proyecto E\u00f3lico Villonaco III, recorrido por las instalaciones del ECU911, otros temas de vialidad que formaron parte de su oferta en campa\u00f1a; y adem\u00e1s, le har\u00e1n un recibimiento para declararlo como hu\u00e9sped ilustre en la Puerta de la ciudad de Loja.<\/p>\n<p>Estas y diversas actividades, tambi\u00e9n son difundidas por Leonel Calle, secretario personal del Gobernador Mancino, quien no puede ejercer las funciones de empleado p\u00fablico con contraer una deuda con el SRI, pero, es la principal ala que se difunde y organiza actividades con otras instituciones.<\/p>\n<p>Adicional a ello, el Guillermo Lasso participar\u00e1 en el Gabinete Binacional que se dar\u00e1 en el Hotel Sonesta, mismo que contar\u00e1 con el presidente de Per\u00fa, Pedro Castillo y otros ejecutivos del Gabinete de Gobierno ecuatoriano para tratar temas fronterizos en materia vial.<\/p>\n<p><em>S\u00edguenos #LDMnoticias \u00f3 #lodelmomentolojaLDM<\/em><\/p>\n","protected":false},"excerpt":{"rendered":"<p>Desde el partido pol\u00edtico de Gobierno en Loja, anuncian que el presidente Guillermo Lasso cambi\u00f3&#8230;<\/p>\n","protected":false},"author":1,"featured_media":8950,"comment_status":"open","ping_status":"open","sticky":false,"template":"","format":"standard","meta":{"footnotes":""},"categories":[1,5],"tags":[],"class_list":["post-8949","post","type-post","status-publish","format-standard","has-post-thumbnail","hentry","category-inicio","category-loja"],"_links":{"self":[{"href":"https:\/\/www.lodelmomentoloja.com\/index.php?rest_route=\/wp\/v2\/posts\/8949"}],"collection":[{"href":"https:\/\/www.lodelmomentoloja.com\/index.php?rest_route=\/wp\/v2\/posts"}],"about":[{"href":"https:\/\/www.lodelmomentoloja.com\/index.php?rest_route=\/wp\/v2\/types\/post"}],"author":[{"embeddable":true,"href":"https:\/\/www.lodelmomentoloja.com\/index.php?rest_route=\/wp\/v2\/users\/1"}],"replies":[{"embeddable":true,"href":"https:\/\/www.lodelmomentoloja.com\/index.php?rest_route=%2Fwp%2Fv2%2Fcomments&post=8949"}],"version-history":[{"count":2,"href":"https:\/\/www.lodelmomentoloja.com\/index.php?rest_route=\/wp\/v2\/posts\/8949\/revisions"}],"predecessor-version":[{"id":8952,"href":"https:\/\/www.lodelmomentoloja.com\/index.php?rest_route=\/wp\/v2\/posts\/8949\/revisions\/8952"}],"wp:featuredmedia":[{"embeddable":true,"href":"https:\/\/www.lodelmomentoloja.com\/index.php?rest_route=\/wp\/v2\/media\/8950"}],"wp:attachment":[{"href":"https:\/\/www.lodelmomentoloja.com\/index.php?rest_route=%2Fwp%2Fv2%2Fmedia&parent=8949"}],"wp:term":[{"taxonomy":"category","embeddable":true,"href":"https:\/\/www.lodelmomentoloja.com\/index.php?rest_route=%2Fwp%2Fv2%2Fcategories&post=8949"},{"taxonomy":"post_tag","embeddable":true,"href":"https:\/\/www.lodelmomentoloja.com\/index.php?rest_route=%2Fwp%2Fv2%2Ftags&post=8949"}],"curies":[{"name":"wp","href":"https:\/\/api.w.org\/{rel}","templated":true}]}}